{"id":10840,"date":"2019-02-15T14:29:11","date_gmt":"2019-02-15T14:29:11","guid":{"rendered":"https:\/\/infotorrent.es\/uncategorized\/nous-espais-oferix-un-servei-gratuit-dinformacio-i-gestio-de-les-ajudes-al-lloguer-dhabitatges\/"},"modified":"2019-02-15T14:24:47","modified_gmt":"2019-02-15T14:24:47","slug":"nous-espais-oferix-un-servei-gratuit-dinformacio-i-gestio-de-les-ajudes-al-lloguer-dhabitatges","status":"publish","type":"post","link":"https:\/\/infotorrent.es\/ca\/noticies\/nous-espais-oferix-un-servei-gratuit-dinformacio-i-gestio-de-les-ajudes-al-lloguer-dhabitatges\/","title":{"rendered":"Nous Espais oferix un servei gratu\u00eft d&#8217;informaci\u00f3 i gesti\u00f3 de les ajudes al lloguer d&#8217;habitatges"},"content":{"rendered":"<p><strong>Les sol\u00b7licituds poden presentar-se fins al dia 8 de mar\u00e7 en les oficines situades en la pla\u00e7a Major, 31<\/strong><\/p>\n<p style=\"text-align: justify;\">L&#8217;Ajuntament de Torrent, a trav\u00e9s de l&#8217;empresa municipal Nous Espais, ha comen\u00e7at el tr\u00e0mit per a la presentaci\u00f3 de sol\u00b7licituds per al Programa d&#8217;ajudes al lloguer d&#8217;habitatges i el Programa d&#8217;ajudes al lloguer per a joves, convocades per a l&#8217;exercici 2019 per la Conselleria d&#8217;Habitatge, Obres P\u00fabliques i Vertebraci\u00f3 del Territori.<\/p>\n<p style=\"text-align: justify;\">Amb l&#8217;objectiu de facilitar el proc\u00e9s de tramitaci\u00f3 de la sol\u00b7licitud, que pot presentar-se telem\u00e0ticamente amb signatura digital o electr\u00f2nicament presentat el formulari impr\u00e9s per registre d&#8217;entrada, Nous Espais ofereix de manera gratu\u00efta el servei d&#8217;informaci\u00f3 pr\u00e8via, gesti\u00f3 d&#8217;aquestes sol\u00b7licituds i emplenament de la sol\u00b7licitud, aix\u00ed com en la presentaci\u00f3 de la mateixa a trav\u00e9s del servei de finestreta \u00fanica del TDIC. Les sol\u00b7licituds ja poden presentar-se en les oficines fins al 8 de mar\u00e7, inclusivament. L&#8217;horari d&#8217;atenci\u00f3 d&#8217;aquest servei \u00e9s de dilluns a divendres de 9 a 14 h.<\/p>\n<p style=\"text-align: justify;\">Els demandants han de ser persones f\u00edsiques majors d&#8217;edat i que siguen titulars d&#8217;un contracte d&#8217;arrendament d&#8217;habitatge de resid\u00e8ncia habitual, amb duraci\u00f3 m\u00ednima d&#8217;un any, domiciliaci\u00f3 banc\u00e0ria del pagament del lloguer i que els ingressos de les persones que tinguen el seu domicili habitual i permanent en l&#8217;habitatge arrendat, consten o no com a titulars del contracte d&#8217;arrendament, siguen iguals o inferiors a tres vegades l&#8217;Indicador P\u00fablic de Renda d&#8217;Efectes M\u00faltiples (IPREM). El regidor d&#8217;Atenci\u00f3 a les Persones, Francesc Carbonell, ha explicat que amb aquest programa <strong>\u201cpossibilitem l&#8217;acc\u00e9s i gaudi de l&#8217;habitatge a aquelles persones que m\u00e9s el necessiten\u201d<\/strong>.<\/p>\n<p style=\"text-align: justify;\">Igualment, en aquestes ajudes se&#8217;ls ofereix una major prioritat als afectats per desnonaments, fam\u00edlies monoparentals o nombroses, dones v\u00edctimes de viol\u00e8ncia de g\u00e8nere, v\u00edctimes de terrorisme, persones amb diversitat funcional, persones amb trastorn mental sever, joves extutelats i unitats de conviv\u00e8ncia afectades per situacions catastr\u00f2fiques. D&#8217;igual manera tenen prefer\u00e8ncia les dones en situaci\u00f3 de necessitat o en risc d&#8217;exclusi\u00f3, especialment quan tinguen fills o filles menors exclusivament al seu c\u00e0rrec, aix\u00ed com les unitats de conviv\u00e8ncia en les quals totes les persones es troben en situaci\u00f3 de desocupaci\u00f3 i hagen esgotat les prestacions corresponents<\/p>\n<p>Quant a les ajudes espec\u00edfiques per a joves, els sol\u00b7licitants han de ser menors de 35 anys, o b\u00e9 pert\u00e0nyer a una unitat de conviv\u00e8ncia en la qual tots els membres siguen menors de 35 anys i no rebre una altra ajuda per a atendre el pagament del lloguer. En aquest sentit <strong>\u201cdonem resposta a la necessitat d&#8217;ajudar al fet que els joves puguen afrontar l&#8217;emancipaci\u00f3 i la formaci\u00f3 de noves llars i accedir a un habitatge que s&#8217;ajuste a les seues necessitats\u201d<\/strong>, ha ressaltat la regidora de Desenvolupament Sostenible, Inma Amat.<\/p>\n","protected":false},"excerpt":{"rendered":"<p>Les sol\u00b7licituds poden presentar-se fins al dia 8 de mar\u00e7 en les oficines situades en la pla\u00e7a Major, 31 L&#8217;Ajuntament de Torrent, a trav\u00e9s de l&#8217;empresa municipal Nous Espais, ha comen\u00e7at el tr\u00e0mit per a la presentaci\u00f3 de sol\u00b7licituds per al Programa d&#8217;ajudes al lloguer d&#8217;habitatges i el Programa d&#8217;ajudes al lloguer per a joves, [&hellip;]<\/p>\n","protected":false},"author":9,"featured_media":1137,"comment_status":"closed","ping_status":"open","sticky":false,"template":"","format":"standard","meta":{"_acf_changed":false,"footnotes":""},"categories":[129,120,127,116],"tags":[],"class_list":["post-10840","post","type-post","status-publish","format-standard","has-post-thumbnail","hentry","category-economia-es-2","category-economia","category-noticias-2","category-noticies"],"acf":[],"_links":{"self":[{"href":"https:\/\/infotorrent.es\/ca\/wp-json\/wp\/v2\/posts\/10840","targetHints":{"allow":["GET"]}}],"collection":[{"href":"https:\/\/infotorrent.es\/ca\/wp-json\/wp\/v2\/posts"}],"about":[{"href":"https:\/\/infotorrent.es\/ca\/wp-json\/wp\/v2\/types\/post"}],"author":[{"embeddable":true,"href":"https:\/\/infotorrent.es\/ca\/wp-json\/wp\/v2\/users\/9"}],"replies":[{"embeddable":true,"href":"https:\/\/infotorrent.es\/ca\/wp-json\/wp\/v2\/comments?post=10840"}],"version-history":[{"count":0,"href":"https:\/\/infotorrent.es\/ca\/wp-json\/wp\/v2\/posts\/10840\/revisions"}],"wp:featuredmedia":[{"embeddable":true,"href":"https:\/\/infotorrent.es\/ca\/wp-json\/wp\/v2\/media\/1137"}],"wp:attachment":[{"href":"https:\/\/infotorrent.es\/ca\/wp-json\/wp\/v2\/media?parent=10840"}],"wp:term":[{"taxonomy":"category","embeddable":true,"href":"https:\/\/infotorrent.es\/ca\/wp-json\/wp\/v2\/categories?post=10840"},{"taxonomy":"post_tag","embeddable":true,"href":"https:\/\/infotorrent.es\/ca\/wp-json\/wp\/v2\/tags?post=10840"}],"curies":[{"name":"wp","href":"https:\/\/api.w.org\/{rel}","templated":true}]}}