{"id":10820,"date":"2019-02-12T16:28:32","date_gmt":"2019-02-12T16:28:32","guid":{"rendered":"https:\/\/infotorrent.es\/uncategorized\/lajuntament-de-torrent-convoca-un-any-mes-els-premis-al-bon-us-del-valencia-en-les-falles\/"},"modified":"2019-02-12T16:19:23","modified_gmt":"2019-02-12T16:19:23","slug":"lajuntament-de-torrent-convoca-un-any-mes-els-premis-al-bon-us-del-valencia-en-les-falles","status":"publish","type":"post","link":"https:\/\/infotorrent.es\/ca\/noticies\/lajuntament-de-torrent-convoca-un-any-mes-els-premis-al-bon-us-del-valencia-en-les-falles\/","title":{"rendered":"L\u2019Ajuntament de Torrent convoca, un any m\u00e9s, els premis al bon \u00fas del valenci\u00e0 en les falles"},"content":{"rendered":"<p><strong>Les comissions falleres poden presentar els textos de les falles i el llibret fins al dia 8 de mar\u00e7<\/strong><\/p>\n<p>Amb l\u2019objectiu de promoure la nostra llengua en l\u2019\u00e0mbit festiu, l\u2019Ajuntament de Torrent, a trav\u00e9s de l\u2019Oficina de Promoci\u00f3 i \u00das del Valenci\u00e0, ha convocat una nova edici\u00f3 dels Premis a l\u2019\u00fas del valenci\u00e0 en les falles. D\u2019una banda, estan els premis al valenci\u00e0 en els monuments fallers, on les comissions poden optar a un primer premi de 800 euros, un segon premi de 500 \u20ac i un tercer premi de 300 \u20ac, i a m\u00e9s a m\u00e9s, els tres rebran un bander\u00ed acreditatiu. I tamb\u00e9, en la mateixa convocat\u00f2ria est\u00e0 el premi al valenci\u00e0 del llibret, amb 400 \u20ac i un bander\u00ed acreditatiu. Les comissions falleres poden optar a les dos opcions del premis conjuntament, el de les llegendes dels monuments fallers i del llibret, o b\u00e9 a un dels dos, per separat.<\/p>\n<p>El jurat, format per la regidora de Dinamitzaci\u00f3 Ling\u00fc\u00edstica, Patricia S\u00e1ez, un membre designat per Junta Local i la t\u00e8cnica de Promoci\u00f3 Ling\u00fc\u00edstica, valorar\u00e0 la qualitat i correcci\u00f3 del valenci\u00e0 en la retolaci\u00f3 de la falla i en el llibret d\u2019acord amb els criteris de l\u2019Acad\u00e8mia Valenciana de la Llengua. La regidora ha explicat que amb estos premis <strong>\u201cpromovem el bon \u00fas i la dignificaci\u00f3 de la nostra llengua i la necessitat d\u2019emprar-la en tots els \u00e0mbits de la nostra vida: culturals, comercials, festius o art\u00edstics i encara m\u00e9s en una de les festes m\u00e9s emblem\u00e0tiques dels valencians\u201d.<\/strong><\/p>\n<p>El termini per a presentar telem\u00e0ticament la sol\u00b7licitud amb el text de les llegendes de la falla en el registre d\u2019entrada de l\u2019Ajuntament acaba el dia 8 de mar\u00e7 de 2019 i s\u2019han de presentar els textos dels dos monuments: la falla gran i la falla infantil.<\/p>\n<p>Les falles que es presenten tamb\u00e9 al Premi al valenci\u00e0 del llibret, hauran de portar un exemplar del llibret editat a l\u2019Oficina de Promoci\u00f3 i \u00das del Valenci\u00e0 (carrer Ram\u00f3n y Cajal, 7, primera planta) en el mateix termini (8 de mar\u00e7), amb la c\u00f2pia de la sol\u00b7licitud que hagen presentat en el registre d\u2019entrada. Tamb\u00e9 hauran de fer constar en el llibret que han participat en els Premis al valenci\u00e0 del llibret de l\u2019Oficina de Promoci\u00f3 i \u00das del Valenci\u00e0 de l\u2019Ajuntament de Torrent.<\/p>\n<p><a href=\"https:\/\/www.infotorrent.es\/wp-content\/uploads\/2019\/02\/Valencia\u0300_falles.jpg\"><img fetchpriority=\"high\" decoding=\"async\" class=\"size-full wp-image-23859 aligncenter\" src=\"https:\/\/www.infotorrent.es\/wp-content\/uploads\/2019\/02\/Valencia\u0300_falles.jpg\" alt=\"\" width=\"700\" height=\"700\" \/><\/a><\/p>\n","protected":false},"excerpt":{"rendered":"<p>Les comissions falleres poden presentar els textos de les falles i el llibret fins al dia 8 de mar\u00e7 Amb l\u2019objectiu de promoure la nostra llengua en l\u2019\u00e0mbit festiu, l\u2019Ajuntament de Torrent, a trav\u00e9s de l\u2019Oficina de Promoci\u00f3 i \u00das del Valenci\u00e0, ha convocat una nova edici\u00f3 dels Premis a l\u2019\u00fas del valenci\u00e0 en les [&hellip;]<\/p>\n","protected":false},"author":4,"featured_media":10822,"comment_status":"closed","ping_status":"open","sticky":false,"template":"","format":"standard","meta":{"_acf_changed":false,"footnotes":""},"categories":[135,116],"tags":[],"class_list":["post-10820","post","type-post","status-publish","format-standard","has-post-thumbnail","hentry","category-dinamitzacio-linguistica","category-noticies"],"acf":[],"_links":{"self":[{"href":"https:\/\/infotorrent.es\/ca\/wp-json\/wp\/v2\/posts\/10820","targetHints":{"allow":["GET"]}}],"collection":[{"href":"https:\/\/infotorrent.es\/ca\/wp-json\/wp\/v2\/posts"}],"about":[{"href":"https:\/\/infotorrent.es\/ca\/wp-json\/wp\/v2\/types\/post"}],"author":[{"embeddable":true,"href":"https:\/\/infotorrent.es\/ca\/wp-json\/wp\/v2\/users\/4"}],"replies":[{"embeddable":true,"href":"https:\/\/infotorrent.es\/ca\/wp-json\/wp\/v2\/comments?post=10820"}],"version-history":[{"count":0,"href":"https:\/\/infotorrent.es\/ca\/wp-json\/wp\/v2\/posts\/10820\/revisions"}],"wp:featuredmedia":[{"embeddable":true,"href":"https:\/\/infotorrent.es\/ca\/wp-json\/wp\/v2\/media\/10822"}],"wp:attachment":[{"href":"https:\/\/infotorrent.es\/ca\/wp-json\/wp\/v2\/media?parent=10820"}],"wp:term":[{"taxonomy":"category","embeddable":true,"href":"https:\/\/infotorrent.es\/ca\/wp-json\/wp\/v2\/categories?post=10820"},{"taxonomy":"post_tag","embeddable":true,"href":"https:\/\/infotorrent.es\/ca\/wp-json\/wp\/v2\/tags?post=10820"}],"curies":[{"name":"wp","href":"https:\/\/api.w.org\/{rel}","templated":true}]}}