{"id":10755,"date":"2019-02-01T14:40:00","date_gmt":"2019-02-01T14:40:00","guid":{"rendered":"https:\/\/infotorrent.es\/uncategorized\/torrent-ultima-els-detalls-del-projecte-de-rehabilitacio-de-la-placa-de-les-fonts\/"},"modified":"2019-02-01T14:35:53","modified_gmt":"2019-02-01T14:35:53","slug":"torrent-ultima-els-detalls-del-projecte-de-rehabilitacio-de-la-placa-de-les-fonts","status":"publish","type":"post","link":"https:\/\/infotorrent.es\/ca\/noticies\/torrent-ultima-els-detalls-del-projecte-de-rehabilitacio-de-la-placa-de-les-fonts\/","title":{"rendered":"Torrent ultima els detalls del projecte de rehabilitaci\u00f3 de la pla\u00e7a de les Fonts"},"content":{"rendered":"<p style=\"text-align: justify;\"><strong>La Conselleria<\/strong><strong> de Cultura dona el vistiplau a esta actuaci\u00f3 que preveu la regeneraci\u00f3 de l\u2019espai p\u00fablic i la renovaci\u00f3 dels serveis p\u00fablics, aix\u00ed com del mobiliari<\/strong><\/p>\n<p style=\"text-align: justify;\">La Direcci\u00f3 General de Patrimoni de la Conselleria de Cultura ha donat el vistiplau al projecte de rehabilitaci\u00f3 de la pla\u00e7a de les Fonts i els carrers adjacents de Massanassa i Sant Dom\u00e9nec. \u00c9s una de les actuacions previstes en la reurbanitzaci\u00f3 del centre hist\u00f2ric de la ciutat amb la qual es pret\u00e9n millorar l\u2019accessibilitat de la zona i revitalitzar-la.<\/p>\n<p style=\"text-align: justify;\">Esta actuaci\u00f3, amb una inversi\u00f3 prevista de vora 230.000 \u20ac, est\u00e0 emmarcada en l\u2019EDUSI, cofinan\u00e7ada al 50 % amb fons europeus del Programa Operatiu Plurirregional POPE FEDER, concretament en la l\u00ednia d\u2019actuaci\u00f3 de \u201crehabilitaci\u00f3 del patrimoni hist\u00f2ric, arquitect\u00f2nic i cultural i valoraci\u00f3 del patrimoni hidr\u00e0ulic, mediambiental i etnogr\u00e0fic de Torrent\u201d.<\/p>\n<p style=\"text-align: justify;\">El projecte, que s\u2019iniciar\u00e0 en uns mesos, despr\u00e9s de la licitaci\u00f3 corresponent, preveu la regeneraci\u00f3 de l\u2019espai p\u00fablic i la reordenaci\u00f3 de la pla\u00e7a amb el possible enjardinament i la dotaci\u00f3 o renovaci\u00f3 dels serveis p\u00fablics necessaris, aix\u00ed com del mobiliari urb\u00e0.<\/p>\n<p style=\"text-align: justify;\">D\u2019esta manera s\u2019aconseguir\u00e0 \u201c<strong>millorar la imatge del barri i revitalitzar-lo, amb la creaci\u00f3 d\u2019una zona de descans i esbarjo accessible, amable per als ve\u00efns i ve\u00efnes, on puguen passar-ho b\u00e9\u201d<\/strong>, ha assenyalat la regidora de Desenvolupament Sostenible, Inma Amat.<\/p>\n","protected":false},"excerpt":{"rendered":"<p>La Conselleria de Cultura dona el vistiplau a esta actuaci\u00f3 que preveu la regeneraci\u00f3 de l\u2019espai p\u00fablic i la renovaci\u00f3 dels serveis p\u00fablics, aix\u00ed com del mobiliari La Direcci\u00f3 General de Patrimoni de la Conselleria de Cultura ha donat el vistiplau al projecte de rehabilitaci\u00f3 de la pla\u00e7a de les Fonts i els carrers adjacents [&hellip;]<\/p>\n","protected":false},"author":3,"featured_media":1137,"comment_status":"closed","ping_status":"open","sticky":false,"template":"","format":"standard","meta":{"_acf_changed":false,"footnotes":""},"categories":[147,116],"tags":[],"class_list":["post-10755","post","type-post","status-publish","format-standard","has-post-thumbnail","hentry","category-mobilitat","category-noticies"],"acf":[],"_links":{"self":[{"href":"https:\/\/infotorrent.es\/ca\/wp-json\/wp\/v2\/posts\/10755","targetHints":{"allow":["GET"]}}],"collection":[{"href":"https:\/\/infotorrent.es\/ca\/wp-json\/wp\/v2\/posts"}],"about":[{"href":"https:\/\/infotorrent.es\/ca\/wp-json\/wp\/v2\/types\/post"}],"author":[{"embeddable":true,"href":"https:\/\/infotorrent.es\/ca\/wp-json\/wp\/v2\/users\/3"}],"replies":[{"embeddable":true,"href":"https:\/\/infotorrent.es\/ca\/wp-json\/wp\/v2\/comments?post=10755"}],"version-history":[{"count":0,"href":"https:\/\/infotorrent.es\/ca\/wp-json\/wp\/v2\/posts\/10755\/revisions"}],"wp:featuredmedia":[{"embeddable":true,"href":"https:\/\/infotorrent.es\/ca\/wp-json\/wp\/v2\/media\/1137"}],"wp:attachment":[{"href":"https:\/\/infotorrent.es\/ca\/wp-json\/wp\/v2\/media?parent=10755"}],"wp:term":[{"taxonomy":"category","embeddable":true,"href":"https:\/\/infotorrent.es\/ca\/wp-json\/wp\/v2\/categories?post=10755"},{"taxonomy":"post_tag","embeddable":true,"href":"https:\/\/infotorrent.es\/ca\/wp-json\/wp\/v2\/tags?post=10755"}],"curies":[{"name":"wp","href":"https:\/\/api.w.org\/{rel}","templated":true}]}}