{"id":10733,"date":"2019-01-29T14:30:00","date_gmt":"2019-01-29T14:30:00","guid":{"rendered":"https:\/\/infotorrent.es\/uncategorized\/miguel-balaguer-i-la-comfet-premis-botafocs-2019\/"},"modified":"2019-01-29T14:25:06","modified_gmt":"2019-01-29T14:25:06","slug":"miguel-balaguer-i-la-comfet-premis-botafocs-2019","status":"publish","type":"post","link":"https:\/\/infotorrent.es\/ca\/noticies\/miguel-balaguer-i-la-comfet-premis-botafocs-2019\/","title":{"rendered":"Miguel Balaguer i la COMFET, premis Botafocs 2019"},"content":{"rendered":"<p align=\"JUSTIFY\"><strong><span lang=\"ca-ES\">La falla Cronista Vicent Beguer Esteve reconeix el comprom\u00eds i el treball per les falles de Torrent<\/span><\/strong><\/p>\n<p lang=\"ca-ES\" align=\"JUSTIFY\">L\u2019artista faller Miguel Balaguer Nieto-M\u00e1rquez i la Comissi\u00f3 d\u2019Estudis Fallers Torrentins (COMFET) han rebut este cap de setmana els Premis Botafocs que atorga la falla Cronista Vicent Beguer Esteve. En esta quarta edici\u00f3 dels premis, en el lliurament dels quals participaren les regidores d\u2019Educaci\u00f3 i Medi Ambient, Patricia S\u00e1ez i Inma Amat, respectivament, Miguel Balaguer ha rebut el premi individual pel comprom\u00eds amb esta comissi\u00f3 de Torrent despr\u00e9s de plantar 22 monuments grans i 11 infantils i aconseguir diversos premis.<\/p>\n<p lang=\"ca-ES\" align=\"JUSTIFY\">D\u2019altra banda, la COMFET ha rebut el reconeixement en la modalitat d\u2019entitats i associacions pel treball en la investigaci\u00f3 i recuperaci\u00f3 de la hist\u00f2ria de les falles de Torrent i la seua difusi\u00f3 arreu de les nostres comarques. De la COMFET es destaca tamb\u00e9 el comprom\u00eds amb el valenci\u00e0 amb l\u2019organitzaci\u00f3 dels Premis de les Lletres Falleres.<\/p>\n<p align=\"JUSTIFY\"><span lang=\"ca-ES\">A m\u00e9s a m\u00e9s, durant l\u2019acte, que tingu\u00e9 lloc en el casal de la comissi\u00f3, la falla Pla\u00e7a del Doctor Collado de Val\u00e8ncia reb\u00e9 el Premi Botafocs Extraordinari en la celebraci\u00f3 del 150 aniversari.<\/span><\/p>\n","protected":false},"excerpt":{"rendered":"<p>La falla Cronista Vicent Beguer Esteve reconeix el comprom\u00eds i el treball per les falles de Torrent L\u2019artista faller Miguel Balaguer Nieto-M\u00e1rquez i la Comissi\u00f3 d\u2019Estudis Fallers Torrentins (COMFET) han rebut este cap de setmana els Premis Botafocs que atorga la falla Cronista Vicent Beguer Esteve. En esta quarta edici\u00f3 dels premis, en el lliurament [&hellip;]<\/p>\n","protected":false},"author":4,"featured_media":1137,"comment_status":"closed","ping_status":"open","sticky":false,"template":"","format":"standard","meta":{"_acf_changed":false,"footnotes":""},"categories":[117,116],"tags":[780],"class_list":["post-10733","post","type-post","status-publish","format-standard","has-post-thumbnail","hentry","category-cultura","category-noticies","tag-fallespremis-botafocs"],"acf":[],"_links":{"self":[{"href":"https:\/\/infotorrent.es\/ca\/wp-json\/wp\/v2\/posts\/10733","targetHints":{"allow":["GET"]}}],"collection":[{"href":"https:\/\/infotorrent.es\/ca\/wp-json\/wp\/v2\/posts"}],"about":[{"href":"https:\/\/infotorrent.es\/ca\/wp-json\/wp\/v2\/types\/post"}],"author":[{"embeddable":true,"href":"https:\/\/infotorrent.es\/ca\/wp-json\/wp\/v2\/users\/4"}],"replies":[{"embeddable":true,"href":"https:\/\/infotorrent.es\/ca\/wp-json\/wp\/v2\/comments?post=10733"}],"version-history":[{"count":0,"href":"https:\/\/infotorrent.es\/ca\/wp-json\/wp\/v2\/posts\/10733\/revisions"}],"wp:featuredmedia":[{"embeddable":true,"href":"https:\/\/infotorrent.es\/ca\/wp-json\/wp\/v2\/media\/1137"}],"wp:attachment":[{"href":"https:\/\/infotorrent.es\/ca\/wp-json\/wp\/v2\/media?parent=10733"}],"wp:term":[{"taxonomy":"category","embeddable":true,"href":"https:\/\/infotorrent.es\/ca\/wp-json\/wp\/v2\/categories?post=10733"},{"taxonomy":"post_tag","embeddable":true,"href":"https:\/\/infotorrent.es\/ca\/wp-json\/wp\/v2\/tags?post=10733"}],"curies":[{"name":"wp","href":"https:\/\/api.w.org\/{rel}","templated":true}]}}