{"id":10664,"date":"2019-01-15T13:37:56","date_gmt":"2019-01-15T13:37:56","guid":{"rendered":"https:\/\/infotorrent.es\/uncategorized\/torrent-clausura-els-programes-iniciactivat-1-i-2-amb-117-participants\/"},"modified":"2019-01-15T13:41:44","modified_gmt":"2019-01-15T13:41:44","slug":"torrent-clausura-els-programes-iniciactivat-1-i-2-amb-117-participants","status":"publish","type":"post","link":"https:\/\/infotorrent.es\/ca\/noticies\/torrent-clausura-els-programes-iniciactivat-1-i-2-amb-117-participants\/","title":{"rendered":"Torrent clausura els programes INICIACTIVA\u2019T 1 i 2 amb 117 participants"},"content":{"rendered":"<p style=\"text-align: justify;\"><strong>M\u00e9s de 30 alumnes s\u2019han incorporat al mercat laboral despr\u00e9s de fer els itineraris<\/strong><\/p>\n<p style=\"text-align: justify;\">L\u2019Ajuntament de Torrent celebr\u00e0 ahir l\u2019acte de clausura d\u2019INICIACTIVA\u2019T 1 i INICIACTIVA\u2019T 2 a la sala d\u2019actes de la Casa de la Dona. S\u00f3n dos projectes dirigits a millorar la formaci\u00f3, l\u2019ocupabilitat i les compet\u00e8ncies professionals per a augmentar les possibilitats de la integraci\u00f3 de joves menors de 30 anys en el mercat laboral. L\u2019alcalde, Jes\u00fas Ros, i el regidor de Recursos i Modernitzaci\u00f3, Andr\u00e9s Campos, van fer lliurament dels diplomes a l\u2019alumnat en un acte que va tindre la pres\u00e8ncia de representants municipals, personal t\u00e8cnic i docent, a m\u00e9s de les empreses col\u00b7laboradores \u2013un total 57 empreses en els dos projectes-.<\/p>\n<p style=\"text-align: justify;\">L\u2019alcalde va destacar que amb estes iniciatives on participen les empreses<strong>\u00a0<\/strong><strong>\u201cels joves aconseguixen tindre una major qualificaci\u00f3 i formaci\u00f3 per a iniciar-se en el mercat laboral\u201d.<\/strong><strong>\u00a0<\/strong>Mostra d\u2019aix\u00f2 \u00e9s que ja hi ha m\u00e9s de 30 participants que s\u2019han incorporat recentment al m\u00f3n laboral.<\/p>\n<p style=\"text-align: justify;\">Estos programes, gestionats per IDEA\u2019T, s\u2019han desenvolupat durant el 2018, amb una durada de 8 mesos i 89 participants en el cas d\u2019INICIACTIVA\u2019T 1, i 4 mesos i 28 participants en INICIACTIVA\u2019T 2. Els dos han estat cofinan\u00e7ats amb c\u00e0rrec a la convocat\u00f2ria de 2017 d\u2019Ajudes del Programa Operatiu d\u2019Ocupaci\u00f3 Juvenil (POEJ), del FONS SOCIAL EUROPEU, destinades a la integraci\u00f3 sostenible de persones joves en el mercat de treball, en el context del Sistema Nacional de Garantia Juvenil.<\/p>\n<p style=\"text-align: justify;\">Els projectes han estat compostos per itineraris formatius amb formaci\u00f3 espec\u00edfica, complement\u00e0ria i, sobretot, pr\u00e0ctiques en empresa. Els participants han rebut una beca per la realitzaci\u00f3 d\u2019estos itineraris, alguns dels quals han durat entre quatre i huit mesos. En concret han sigut sis itineraris en el cas d\u2019INICIACTIVA\u2019T 1: log\u00edstica, cuina, neteja vi\u00e0ria, neteja d\u2019edificis, restauraci\u00f3 i disseny de webs. Quant a INICIACTIVA\u2019T 2 els itineraris han sigut administraci\u00f3, <em>community manager<\/em> i doc\u00e8ncia per a l\u2019ocupaci\u00f3.<\/p>\n<p><img fetchpriority=\"high\" decoding=\"async\" class=\"size-full wp-image-22771 aligncenter\" src=\"https:\/\/www.infotorrent.es\/wp-content\/uploads\/2019\/01\/Diplomas_Ideat1.jpg\" alt=\"\" width=\"750\" height=\"500\" \/><\/p>\n","protected":false},"excerpt":{"rendered":"<p>M\u00e9s de 30 alumnes s\u2019han incorporat al mercat laboral despr\u00e9s de fer els itineraris L\u2019Ajuntament de Torrent celebr\u00e0 ahir l\u2019acte de clausura d\u2019INICIACTIVA\u2019T 1 i INICIACTIVA\u2019T 2 a la sala d\u2019actes de la Casa de la Dona. S\u00f3n dos projectes dirigits a millorar la formaci\u00f3, l\u2019ocupabilitat i les compet\u00e8ncies professionals per a augmentar les possibilitats [&hellip;]<\/p>\n","protected":false},"author":9,"featured_media":10666,"comment_status":"closed","ping_status":"open","sticky":false,"template":"","format":"standard","meta":{"_acf_changed":false,"footnotes":""},"categories":[129,116],"tags":[],"class_list":["post-10664","post","type-post","status-publish","format-standard","has-post-thumbnail","hentry","category-economia-es-2","category-noticies"],"acf":[],"_links":{"self":[{"href":"https:\/\/infotorrent.es\/ca\/wp-json\/wp\/v2\/posts\/10664","targetHints":{"allow":["GET"]}}],"collection":[{"href":"https:\/\/infotorrent.es\/ca\/wp-json\/wp\/v2\/posts"}],"about":[{"href":"https:\/\/infotorrent.es\/ca\/wp-json\/wp\/v2\/types\/post"}],"author":[{"embeddable":true,"href":"https:\/\/infotorrent.es\/ca\/wp-json\/wp\/v2\/users\/9"}],"replies":[{"embeddable":true,"href":"https:\/\/infotorrent.es\/ca\/wp-json\/wp\/v2\/comments?post=10664"}],"version-history":[{"count":0,"href":"https:\/\/infotorrent.es\/ca\/wp-json\/wp\/v2\/posts\/10664\/revisions"}],"wp:featuredmedia":[{"embeddable":true,"href":"https:\/\/infotorrent.es\/ca\/wp-json\/wp\/v2\/media\/10666"}],"wp:attachment":[{"href":"https:\/\/infotorrent.es\/ca\/wp-json\/wp\/v2\/media?parent=10664"}],"wp:term":[{"taxonomy":"category","embeddable":true,"href":"https:\/\/infotorrent.es\/ca\/wp-json\/wp\/v2\/categories?post=10664"},{"taxonomy":"post_tag","embeddable":true,"href":"https:\/\/infotorrent.es\/ca\/wp-json\/wp\/v2\/tags?post=10664"}],"curies":[{"name":"wp","href":"https:\/\/api.w.org\/{rel}","templated":true}]}}