{"id":10647,"date":"2019-01-10T15:00:55","date_gmt":"2019-01-10T15:00:55","guid":{"rendered":"https:\/\/infotorrent.es\/uncategorized\/nous-espais-informa-sobre-el-modelo-de-cooperativas-de-viviendas\/"},"modified":"2019-01-10T15:00:55","modified_gmt":"2019-01-10T15:00:55","slug":"nous-espais-informa-sobre-el-modelo-de-cooperativas-de-viviendas","status":"publish","type":"post","link":"https:\/\/infotorrent.es\/ca\/noticies\/nous-espais-informa-sobre-el-modelo-de-cooperativas-de-viviendas\/","title":{"rendered":"Nous Espais informa sobre el model de cooperatives d\u2019habitatges"},"content":{"rendered":"<p style=\"text-align: justify;\"><strong>La Generalitat t\u00e9 en licitaci\u00f3 una parcel\u00b7la en el barri de Benissaet per a construir habitatges en r\u00e8gim cooperatiu<\/strong><\/p>\n<p style=\"text-align: justify;\">L&#8217;Ajuntament de Torrent, a trav\u00e9s de l\u2019empresa p\u00fablica Nous Espais, oferix als ve\u00efns i les ve\u00efnes el servei d\u2019informaci\u00f3 sobre el model de cooperatives d\u2019habitatges a Torrent. La Generalitat, a trav\u00e9s de l\u2019Entitat Valenciana d\u2019Habitatge i S\u00f2l (EVHA), t\u00e9 en licitaci\u00f3 el concurs p\u00fablic per a la construcci\u00f3 d\u2019habitatges en r\u00e8gim de cooperativa en una parcel\u00b7la de 630 metres quadrats en el barri de Benissaet, en concret, en l&#8217;encreuament dels carrers d\u2019Artesans i del Mestre Sosa.<\/p>\n<p style=\"text-align: justify;\">Des de Nous Espais s&#8217;oferix, als ve\u00efns interessats, m\u00e9s informaci\u00f3 sobre el Pla de model no especulatiu de cooperatives d\u2019habitatges en r\u00e8gim de cessi\u00f3 d\u2019\u00fas, amb l&#8217;objectiu d&#8217;incrementar el parc d\u2019habitatge p\u00fablic assequible i que la ciutadania puga construir un edifici d\u2019habitatges i un projecte de vida en com\u00fa a trav\u00e9s d&#8217;una cooperativa.<\/p>\n<p style=\"text-align: justify;\">Estes cooperatives de vivendes s\u00f3n associacions de persones amb la finalitat de proporcionar un habitatge i espais comuns als membres cooperativistes, mitjan\u00e7ant un dret d&#8217;\u00fas de s\u00f2l per a construir. A trav\u00e9s d\u2019este model, la cooperativa \u00e9s propiet\u00e0ria dels immobles i els socis tenen el dret d\u2019\u00fas sobre un habitatge.<\/p>\n<p style=\"text-align: justify;\">L\u2019empresa municipal Nous Espais de Torrent (situada en la pla\u00e7a Major) oferix m\u00e9s informaci\u00f3 sobre qu\u00e8 \u00e9s una cooperativa d\u2019habitatges, quin \u00e9s l\u2019objectiu, per quants anys i en quines condicions \u00e9s la cessi\u00f3, aix\u00ed com quins s\u00f3n els requisits d\u2019acc\u00e9s.<\/p>\n<p style=\"text-align: justify;\">Entre els requisits d\u2019acc\u00e9s destaquen tindre un m\u00ednim d\u2019un any de resid\u00e8ncia en la Comunitat Valenciana, destinar la vivenda a domicili habitual i permanent i no disposar d&#8217;un altre habitatge en r\u00e8gim de propietat o usdefruit. A m\u00e9s, els ingressos de la unitat de conviv\u00e8ncia no han d&#8217;excedir quatre punts\u00a0 i mig l&#8217;Indicador P\u00fablic de Renda d&#8217;Efectes M\u00faltiples (IPREM), o la quota a pagar no ha de superar el 30 % dels ingressos de la unitat de conviv\u00e8ncia.<\/p>\n<p style=\"text-align: justify;\">\n<p><strong>\u00a0<\/strong><\/p>\n","protected":false},"excerpt":{"rendered":"<p>La Generalitat t\u00e9 en licitaci\u00f3 una parcel\u00b7la en el barri de Benissaet per a construir habitatges en r\u00e8gim cooperatiu L&#8217;Ajuntament de Torrent, a trav\u00e9s de l\u2019empresa p\u00fablica Nous Espais, oferix als ve\u00efns i les ve\u00efnes el servei d\u2019informaci\u00f3 sobre el model de cooperatives d\u2019habitatges a Torrent. La Generalitat, a trav\u00e9s de l\u2019Entitat Valenciana d\u2019Habitatge i [&hellip;]<\/p>\n","protected":false},"author":13,"featured_media":1137,"comment_status":"closed","ping_status":"open","sticky":false,"template":"","format":"standard","meta":{"_acf_changed":false,"footnotes":""},"categories":[120,129,116],"tags":[],"class_list":["post-10647","post","type-post","status-publish","format-standard","has-post-thumbnail","hentry","category-economia","category-economia-es-2","category-noticies"],"acf":[],"_links":{"self":[{"href":"https:\/\/infotorrent.es\/ca\/wp-json\/wp\/v2\/posts\/10647","targetHints":{"allow":["GET"]}}],"collection":[{"href":"https:\/\/infotorrent.es\/ca\/wp-json\/wp\/v2\/posts"}],"about":[{"href":"https:\/\/infotorrent.es\/ca\/wp-json\/wp\/v2\/types\/post"}],"author":[{"embeddable":true,"href":"https:\/\/infotorrent.es\/ca\/wp-json\/wp\/v2\/users\/13"}],"replies":[{"embeddable":true,"href":"https:\/\/infotorrent.es\/ca\/wp-json\/wp\/v2\/comments?post=10647"}],"version-history":[{"count":0,"href":"https:\/\/infotorrent.es\/ca\/wp-json\/wp\/v2\/posts\/10647\/revisions"}],"wp:featuredmedia":[{"embeddable":true,"href":"https:\/\/infotorrent.es\/ca\/wp-json\/wp\/v2\/media\/1137"}],"wp:attachment":[{"href":"https:\/\/infotorrent.es\/ca\/wp-json\/wp\/v2\/media?parent=10647"}],"wp:term":[{"taxonomy":"category","embeddable":true,"href":"https:\/\/infotorrent.es\/ca\/wp-json\/wp\/v2\/categories?post=10647"},{"taxonomy":"post_tag","embeddable":true,"href":"https:\/\/infotorrent.es\/ca\/wp-json\/wp\/v2\/tags?post=10647"}],"curies":[{"name":"wp","href":"https:\/\/api.w.org\/{rel}","templated":true}]}}