{"id":10621,"date":"2019-01-03T13:16:35","date_gmt":"2019-01-03T13:16:35","guid":{"rendered":"https:\/\/infotorrent.es\/uncategorized\/la-pista-de-patinatge-de-parc-central-doblara-la-seua-grandaria\/"},"modified":"2019-01-03T13:19:05","modified_gmt":"2019-01-03T13:19:05","slug":"la-pista-de-patinatge-de-parc-central-doblara-la-seua-grandaria","status":"publish","type":"post","link":"https:\/\/infotorrent.es\/ca\/noticies\/la-pista-de-patinatge-de-parc-central-doblara-la-seua-grandaria\/","title":{"rendered":"La pista de patinatge de Parc Central duplicar\u00e0 la seua grand\u00e0ria"},"content":{"rendered":"<p><strong>La instal\u00b7laci\u00f3, que passar\u00e0 dels 450 als 900 metres quadrats, tindr\u00e0 quatre punts de llum, embornals nous per a la recollida d\u2019aig\u00fces pluvials i una tanca nova<\/strong><\/p>\n<p style=\"text-align: justify;\">La Junta de Govern de l\u2019Ajuntament de Torrent ha aprovat el contracte d\u2019execuci\u00f3 de les obres per a ampliar la pista de patinatge de Parc Central, que duplicar\u00e0 la seua grand\u00e0ria. L\u2019actuaci\u00f3 t\u00e9 un termini d\u2019execuci\u00f3 de tres mesos i un pressupost global de vora 48.800 euros, provinents del Pla de Serveis i Obres Municipals (SOM) de la Diputaci\u00f3 de Val\u00e8ncia. En total, la nova pista sumar\u00e0 uns 900 metres quadrats, aproximadament el doble de l\u2019extensi\u00f3 actual, i canviar\u00e0 la forma de circular a trapezo\u00efdal, per tal d\u2019adaptar-se al per\u00edmetre actual en el qual est\u00e0 instal\u00b7lada l\u2019\u00e0rea de descans.<\/p>\n<p style=\"text-align: justify;\">En el per\u00edmetre de la nova disposici\u00f3 de la pista es disposaran huit embornals connectats per a la recollida d\u2019aig\u00fces pluvials. Igualment, es contempla la instal\u00b7laci\u00f3 de quatre punts de llum, situats als cantons de la pista. Es disposar\u00e0 tamb\u00e9 una nova tanca perimetral mitjan\u00e7ant un passamans d\u2019acer inoxidable.<\/p>\n<p style=\"text-align: justify;\">La pista de patinatge actual es configura en un espai circular de 420 metres quadrats, corresponent a un radi d\u201911 metres que en l\u2019actualitat disposa de dos bancs perimetrals de formig\u00f3 prefabricat amb una longitud total de 35 metres.<strong> \u201cMalgrat que l\u2019\u00e0rea actual est\u00e0 en bon estat, escometrem este projecte ateses les repetides demandes dels usuaris i les usu\u00e0ries, que demanaven l\u2019ampliaci\u00f3 de l\u2019espai a causa de l\u2019\u00fas elevat\u201d<\/strong>, explica la regidora d\u2019Esports, Nadia Mar\u00edn.<\/p>\n","protected":false},"excerpt":{"rendered":"<p>La instal\u00b7laci\u00f3, que passar\u00e0 dels 450 als 900 metres quadrats, tindr\u00e0 quatre punts de llum, embornals nous per a la recollida d\u2019aig\u00fces pluvials i una tanca nova La Junta de Govern de l\u2019Ajuntament de Torrent ha aprovat el contracte d\u2019execuci\u00f3 de les obres per a ampliar la pista de patinatge de Parc Central, que duplicar\u00e0 [&hellip;]<\/p>\n","protected":false},"author":9,"featured_media":1137,"comment_status":"closed","ping_status":"open","sticky":false,"template":"","format":"standard","meta":{"_acf_changed":false,"footnotes":""},"categories":[130,127,116,133],"tags":[],"class_list":["post-10621","post","type-post","status-publish","format-standard","has-post-thumbnail","hentry","category-juventud-y-deportes-2","category-noticias-2","category-noticies","category-urbanisme"],"acf":[],"_links":{"self":[{"href":"https:\/\/infotorrent.es\/ca\/wp-json\/wp\/v2\/posts\/10621","targetHints":{"allow":["GET"]}}],"collection":[{"href":"https:\/\/infotorrent.es\/ca\/wp-json\/wp\/v2\/posts"}],"about":[{"href":"https:\/\/infotorrent.es\/ca\/wp-json\/wp\/v2\/types\/post"}],"author":[{"embeddable":true,"href":"https:\/\/infotorrent.es\/ca\/wp-json\/wp\/v2\/users\/9"}],"replies":[{"embeddable":true,"href":"https:\/\/infotorrent.es\/ca\/wp-json\/wp\/v2\/comments?post=10621"}],"version-history":[{"count":0,"href":"https:\/\/infotorrent.es\/ca\/wp-json\/wp\/v2\/posts\/10621\/revisions"}],"wp:featuredmedia":[{"embeddable":true,"href":"https:\/\/infotorrent.es\/ca\/wp-json\/wp\/v2\/media\/1137"}],"wp:attachment":[{"href":"https:\/\/infotorrent.es\/ca\/wp-json\/wp\/v2\/media?parent=10621"}],"wp:term":[{"taxonomy":"category","embeddable":true,"href":"https:\/\/infotorrent.es\/ca\/wp-json\/wp\/v2\/categories?post=10621"},{"taxonomy":"post_tag","embeddable":true,"href":"https:\/\/infotorrent.es\/ca\/wp-json\/wp\/v2\/tags?post=10621"}],"curies":[{"name":"wp","href":"https:\/\/api.w.org\/{rel}","templated":true}]}}