{"id":10492,"date":"2018-12-07T13:11:28","date_gmt":"2018-12-07T13:11:28","guid":{"rendered":"https:\/\/infotorrent.es\/uncategorized\/torrent-celebra-los-40-anos-de-la-constitucion-con-un-homenaje-a-las-victimas-del-terrorismo\/"},"modified":"2018-12-07T13:11:28","modified_gmt":"2018-12-07T13:11:28","slug":"torrent-celebra-los-40-anos-de-la-constitucion-con-un-homenaje-a-las-victimas-del-terrorismo","status":"publish","type":"post","link":"https:\/\/infotorrent.es\/ca\/noticies\/torrent-celebra-los-40-anos-de-la-constitucion-con-un-homenaje-a-las-victimas-del-terrorismo\/","title":{"rendered":"Torrent celebra els 40 anys de la Constituci\u00f3 amb un homenatge a les v\u00edctimes del terrorisme"},"content":{"rendered":"<p><strong>L&#8217;encreuament Reina Sofia-Pare M\u00e9ndez rep el nom de Pla\u00e7a de la Pau i amb un mon\u00f2lit en lloc es recorda a les v\u00edctimes del terrorisme<\/strong><\/p>\n<p>Torrent va celebrar en el mat\u00ed d&#8217;ahir un emotiu acte amb motiu del 40 aniversari de la Constituci\u00f3 espanyola, a m\u00e9s aquest acte va servir per a inaugurar la Pla\u00e7a de la Pau despr\u00e9s de la construcci\u00f3 d&#8217;una rotonda els \u00faltims mesos en l&#8217;encreuament Reina Sofia-Pare M\u00e9ndez. Durant l&#8217;acte es va retre homenatge a les v\u00edctimes del terrorisme, mostra d&#8217;aix\u00f2 \u00e9s el mon\u00f2lit dedicat a les v\u00edctimes instal\u00b7lat en el mateix empla\u00e7ament<\/p>\n<p>El projecte de de Millora de l&#8217;encreuament del carrer Pare M\u00e9ndez i l&#8217;Avinguda Reina Sofia forma part de l&#8217;Estrat\u00e8gia de Desenvolupament Urb\u00e0 Sostenible Integrat (EDUSI), i est\u00e0 cofinan\u00e7at al 50% amb fons del Programa Operatiu Plurirregional d&#8217;Espanya (POPE-FEDER). La rotonda que va sorgir del mateix s&#8217;ha enjardinat i cobert amb gespa i en el seu interior compta amb una olivera centen\u00e0ria que dota de simbolisme al lloc.<\/p>\n<p>M\u00e9s de mil persones van abarrotar aquest lloc de record i homenatge i van poder gaudir de la Banda de M\u00fasica del Conservatori Professional de Torrent que va interpretar tres peces musicals. A m\u00e9s un alumne del col\u00b7legi La Pur\u00edssima i una alumna del col\u00b7legi Miguel Hern\u00e1ndez van llegir vint articles de la Constituci\u00f3 sobre educaci\u00f3, sanitat, drets fonamentals, medi ambient i protecci\u00f3 dels menors. L&#8217;acte va estar condu\u00eft per l\u2019exconcejal de Cultura, Alfred Costa<\/p>\n<p>L&#8217;alcalde Jes\u00fas Ros va voler destacar la import\u00e0ncia de recordar un dels dies que m\u00e9s han marcat la nostra hist\u00f2ria &#8221; fa 40 anys els *torrentinos vam dir s\u00ed a la constituci\u00f3 i hui 40 anys despr\u00e9s ens reafirmem en aqueix s\u00ed, amb la convicci\u00f3 de cuidar-la i continuar treballant per la pau i la conviv\u00e8ncia &#8220;. Ros tamb\u00e9 va tindre paraules de record per a les v\u00edctimes del terrorisme &#8220;Torrent \u00e9s un poble gener\u00f3s i que d\u00f3na les gr\u00e0cies, i us donem les gr\u00e0cies amb estiga mon\u00f2lit que pret\u00e9n honrar a totes les persones v\u00edctimes del terrorisme, tant a ferits com a aquells i aquelles que van perdre la seua vida davant a la barb\u00e0rie dels quals no van respectar la democr\u00e0cia i la conviv\u00e8ncia pacifica&#8221;<\/p>\n<p>En l&#8217;acte tamb\u00e9 van estar presents l&#8217;ambaixador d&#8217;Espanya en la Unesco, Andr\u00e9s Perell\u00f3 qui va mostrar admiraci\u00f3 per l&#8217;acord que va permetre l&#8217;elaboraci\u00f3 de la Constituci\u00f3; per part seua, el representant de les v\u00edctimes del terrorisme en la Comunitat Valenciana, Miguel \u00c1ngel Alambiaga, va destacar que no sols van ser v\u00edctimes tots aquells i aquelles que van perdre la vida, sin\u00f3 que de manera indirecta tots i totes els que respecten la democr\u00e0cia tamb\u00e9 van ser v\u00edctimes d&#8217;aqueixos atacs.<\/p>\n<p>L&#8217;acte va concloure amb els himnes de Torrent, la Comunitat Valenciana i Espanya.<\/p>\n","protected":false},"excerpt":{"rendered":"<p>L&#8217;encreuament Reina Sofia-Pare M\u00e9ndez rep el nom de Pla\u00e7a de la Pau i amb un mon\u00f2lit en lloc es recorda a les v\u00edctimes del terrorisme Torrent va celebrar en el mat\u00ed d&#8217;ahir un emotiu acte amb motiu del 40 aniversari de la Constituci\u00f3 espanyola, a m\u00e9s aquest acte va servir per a inaugurar la Pla\u00e7a [&hellip;]<\/p>\n","protected":false},"author":13,"featured_media":1137,"comment_status":"closed","ping_status":"open","sticky":false,"template":"","format":"standard","meta":{"_acf_changed":false,"footnotes":""},"categories":[126,116,149],"tags":[],"class_list":["post-10492","post","type-post","status-publish","format-standard","has-post-thumbnail","hentry","category-cultura-es-2","category-noticies","category-solidaritat"],"acf":[],"_links":{"self":[{"href":"https:\/\/infotorrent.es\/ca\/wp-json\/wp\/v2\/posts\/10492","targetHints":{"allow":["GET"]}}],"collection":[{"href":"https:\/\/infotorrent.es\/ca\/wp-json\/wp\/v2\/posts"}],"about":[{"href":"https:\/\/infotorrent.es\/ca\/wp-json\/wp\/v2\/types\/post"}],"author":[{"embeddable":true,"href":"https:\/\/infotorrent.es\/ca\/wp-json\/wp\/v2\/users\/13"}],"replies":[{"embeddable":true,"href":"https:\/\/infotorrent.es\/ca\/wp-json\/wp\/v2\/comments?post=10492"}],"version-history":[{"count":0,"href":"https:\/\/infotorrent.es\/ca\/wp-json\/wp\/v2\/posts\/10492\/revisions"}],"wp:featuredmedia":[{"embeddable":true,"href":"https:\/\/infotorrent.es\/ca\/wp-json\/wp\/v2\/media\/1137"}],"wp:attachment":[{"href":"https:\/\/infotorrent.es\/ca\/wp-json\/wp\/v2\/media?parent=10492"}],"wp:term":[{"taxonomy":"category","embeddable":true,"href":"https:\/\/infotorrent.es\/ca\/wp-json\/wp\/v2\/categories?post=10492"},{"taxonomy":"post_tag","embeddable":true,"href":"https:\/\/infotorrent.es\/ca\/wp-json\/wp\/v2\/tags?post=10492"}],"curies":[{"name":"wp","href":"https:\/\/api.w.org\/{rel}","templated":true}]}}