{"id":10456,"date":"2018-11-29T14:13:03","date_gmt":"2018-11-29T14:13:03","guid":{"rendered":"https:\/\/infotorrent.es\/uncategorized\/nova-vorera-en-el-final-de-lavinguda-al-vedat\/"},"modified":"2018-11-29T14:14:32","modified_gmt":"2018-11-29T14:14:32","slug":"nova-vorera-en-el-final-de-lavinguda-al-vedat","status":"publish","type":"post","link":"https:\/\/infotorrent.es\/ca\/noticies\/nova-vorera-en-el-final-de-lavinguda-al-vedat\/","title":{"rendered":"Nova vorera en el final de l&#8217;avinguda al Vedat"},"content":{"rendered":"<p><strong>Esta actuaci\u00f3, que d\u00f3na continu\u00eftat al tram existent al costat del pavell\u00f3 municipal, millora la mobilitat i la seguretat de la zona<\/strong><\/p>\n<p style=\"text-align: justify;\">L&#8217;Ajuntament de Torrent est\u00e0 construint una nova vorera en el tram final de l&#8217;Avinguda al Vedat, en el costat de sentit de baixada dels vehicles procedents del Vedat. Esta actuaci\u00f3 d\u00f3na aix\u00ed continu\u00eftat a la vorera ja existent al costat del pavell\u00f3 municipal, <strong>\u201cun punt inaccessible fins ara per al vianant, millorant aix\u00ed la mobilitat de la zona i la seua seguretat\u201d<\/strong>, assenyala la regidora d&#8217;Urbanisme, Inma Amat.<\/p>\n<p style=\"text-align: justify;\">Estos treballs se sumen als duts a terme recentment al carrer Picanya, que consisteixen en la instal\u00b7laci\u00f3 d&#8217;arbrat i d&#8217;ampliaci\u00f3 de voreres, que renovaran l&#8217;aspecte d&#8217;esta entrada de la ciutat i milloraran la mobilitat i l&#8217;accessibilitat. Estes obres estan incloses en el contracte de manteniment d&#8217;obres p\u00fabliques \u2013que t\u00e9 un pressupost total de 700.000 \u20ac- posat en marxa per l&#8217;actual equip de govern i destinat a cobrir actuacions com a reparacions d&#8217;asfaltat, voreres, reposici\u00f3 de mobiliari urb\u00e0 i de tapes d&#8217;embornal i, principalment, millores d&#8217;accessibilitat.<\/p>\n<p>&nbsp;<\/p>\n<p><img fetchpriority=\"high\" decoding=\"async\" class=\"size-full wp-image-21162 aligncenter\" src=\"https:\/\/www.infotorrent.es\/wp-content\/uploads\/2018\/11\/aceras-pabellon-1.jpg\" alt=\"\" width=\"750\" height=\"500\" \/><\/p>\n","protected":false},"excerpt":{"rendered":"<p>Esta actuaci\u00f3, que d\u00f3na continu\u00eftat al tram existent al costat del pavell\u00f3 municipal, millora la mobilitat i la seguretat de la zona L&#8217;Ajuntament de Torrent est\u00e0 construint una nova vorera en el tram final de l&#8217;Avinguda al Vedat, en el costat de sentit de baixada dels vehicles procedents del Vedat. Esta actuaci\u00f3 d\u00f3na aix\u00ed continu\u00eftat [&hellip;]<\/p>\n","protected":false},"author":9,"featured_media":10458,"comment_status":"closed","ping_status":"open","sticky":false,"template":"","format":"standard","meta":{"_acf_changed":false,"footnotes":""},"categories":[127,116,140],"tags":[],"class_list":["post-10456","post","type-post","status-publish","format-standard","has-post-thumbnail","hentry","category-noticias-2","category-noticies","category-urbanismo-3"],"acf":[],"_links":{"self":[{"href":"https:\/\/infotorrent.es\/ca\/wp-json\/wp\/v2\/posts\/10456","targetHints":{"allow":["GET"]}}],"collection":[{"href":"https:\/\/infotorrent.es\/ca\/wp-json\/wp\/v2\/posts"}],"about":[{"href":"https:\/\/infotorrent.es\/ca\/wp-json\/wp\/v2\/types\/post"}],"author":[{"embeddable":true,"href":"https:\/\/infotorrent.es\/ca\/wp-json\/wp\/v2\/users\/9"}],"replies":[{"embeddable":true,"href":"https:\/\/infotorrent.es\/ca\/wp-json\/wp\/v2\/comments?post=10456"}],"version-history":[{"count":0,"href":"https:\/\/infotorrent.es\/ca\/wp-json\/wp\/v2\/posts\/10456\/revisions"}],"wp:featuredmedia":[{"embeddable":true,"href":"https:\/\/infotorrent.es\/ca\/wp-json\/wp\/v2\/media\/10458"}],"wp:attachment":[{"href":"https:\/\/infotorrent.es\/ca\/wp-json\/wp\/v2\/media?parent=10456"}],"wp:term":[{"taxonomy":"category","embeddable":true,"href":"https:\/\/infotorrent.es\/ca\/wp-json\/wp\/v2\/categories?post=10456"},{"taxonomy":"post_tag","embeddable":true,"href":"https:\/\/infotorrent.es\/ca\/wp-json\/wp\/v2\/tags?post=10456"}],"curies":[{"name":"wp","href":"https:\/\/api.w.org\/{rel}","templated":true}]}}