{"id":10433,"date":"2018-11-27T14:45:35","date_gmt":"2018-11-27T14:45:35","guid":{"rendered":"https:\/\/infotorrent.es\/uncategorized\/xiv-mercaradio-torrent\/"},"modified":"2018-11-27T14:43:30","modified_gmt":"2018-11-27T14:43:30","slug":"xiv-mercaradio-torrent","status":"publish","type":"post","link":"https:\/\/infotorrent.es\/ca\/noticies\/xiv-mercaradio-torrent\/","title":{"rendered":"XIV Mercaradio Torrent"},"content":{"rendered":"<p style=\"text-align: justify;\">Els afeccionats a la r\u00e0dio es van donar cita el passat cap de setmana en el restaurant Muntanya-Vedat en el XIV Mercaradio Torrent, organitzat per la secci\u00f3 local de la Uni\u00f3 de Radioaficionats Espanyols. Durant el mat\u00ed del dissabte els afeccionats a aquest mig van intercanviar experi\u00e8ncies i van poder comprar peces, aparells i materials.<\/p>\n<p><img fetchpriority=\"high\" decoding=\"async\" class=\"alignnone size-full wp-image-21035 aligncenter\" src=\"https:\/\/www.infotorrent.es\/wp-content\/uploads\/2018\/11\/radioaficionados-3-Copy.jpg\" alt=\"\" width=\"1000\" height=\"667\" \/><\/p>\n<p><img decoding=\"async\" class=\"alignnone size-full wp-image-21033 aligncenter\" src=\"https:\/\/www.infotorrent.es\/wp-content\/uploads\/2018\/11\/radioaficionados-2-Copy.jpg\" alt=\"\" width=\"1000\" height=\"667\" \/><\/p>\n","protected":false},"excerpt":{"rendered":"<p>Els afeccionats a la r\u00e0dio es van donar cita el passat cap de setmana en el restaurant Muntanya-Vedat en el XIV Mercaradio Torrent, organitzat per la secci\u00f3 local de la Uni\u00f3 de Radioaficionats Espanyols. Durant el mat\u00ed del dissabte els afeccionats a aquest mig van intercanviar experi\u00e8ncies i van poder comprar peces, aparells i materials.<\/p>\n","protected":false},"author":6,"featured_media":10435,"comment_status":"closed","ping_status":"open","sticky":false,"template":"","format":"standard","meta":{"_acf_changed":false,"footnotes":""},"categories":[117,116],"tags":[259],"class_list":["post-10433","post","type-post","status-publish","format-standard","has-post-thumbnail","hentry","category-cultura","category-noticies","tag-ajuntament-de-torrenttorrent"],"acf":[],"_links":{"self":[{"href":"https:\/\/infotorrent.es\/ca\/wp-json\/wp\/v2\/posts\/10433","targetHints":{"allow":["GET"]}}],"collection":[{"href":"https:\/\/infotorrent.es\/ca\/wp-json\/wp\/v2\/posts"}],"about":[{"href":"https:\/\/infotorrent.es\/ca\/wp-json\/wp\/v2\/types\/post"}],"author":[{"embeddable":true,"href":"https:\/\/infotorrent.es\/ca\/wp-json\/wp\/v2\/users\/6"}],"replies":[{"embeddable":true,"href":"https:\/\/infotorrent.es\/ca\/wp-json\/wp\/v2\/comments?post=10433"}],"version-history":[{"count":0,"href":"https:\/\/infotorrent.es\/ca\/wp-json\/wp\/v2\/posts\/10433\/revisions"}],"wp:featuredmedia":[{"embeddable":true,"href":"https:\/\/infotorrent.es\/ca\/wp-json\/wp\/v2\/media\/10435"}],"wp:attachment":[{"href":"https:\/\/infotorrent.es\/ca\/wp-json\/wp\/v2\/media?parent=10433"}],"wp:term":[{"taxonomy":"category","embeddable":true,"href":"https:\/\/infotorrent.es\/ca\/wp-json\/wp\/v2\/categories?post=10433"},{"taxonomy":"post_tag","embeddable":true,"href":"https:\/\/infotorrent.es\/ca\/wp-json\/wp\/v2\/tags?post=10433"}],"curies":[{"name":"wp","href":"https:\/\/api.w.org\/{rel}","templated":true}]}}