{"id":10422,"date":"2018-11-23T14:21:39","date_gmt":"2018-11-23T14:21:39","guid":{"rendered":"https:\/\/infotorrent.es\/uncategorized\/torrent-aprova-la-compra-dun-local-que-es-destinara-a-usos-socials\/"},"modified":"2018-11-23T14:23:56","modified_gmt":"2018-11-23T14:23:56","slug":"torrent-aprova-la-compra-dun-local-que-es-destinara-a-usos-socials","status":"publish","type":"post","link":"https:\/\/infotorrent.es\/ca\/noticies\/torrent-aprova-la-compra-dun-local-que-es-destinara-a-usos-socials\/","title":{"rendered":"Torrent aprova la compra d&#8217;un local que es destinar\u00e0 a usos socials"},"content":{"rendered":"<p><strong>L&#8217;espai estar\u00e0 situat entre els carrers Ram\u00f3n y Cajal, Cam\u00ed Reial, Pintor Genaro Palau i Pare M\u00e9ndez<\/strong><\/p>\n<p style=\"text-align: justify;\">La Junta de Govern de l&#8217;Ajuntament de Torrent ha aprovat l&#8217;obertura d&#8217;un proc\u00e9s de subhasta per a l&#8217;adquisici\u00f3 d&#8217;un local per a ser utilitzat per associacions de la ciutat. El preu de l&#8217;adquisici\u00f3 ser\u00e0 com a m\u00e0xim de 110.000 \u20ac i estar\u00e0 situat en la zona compresa entre els carrers Ram\u00f3n y Cajal, Cam\u00ed Reial, Pintor Genaro Palau i Pare M\u00e9ndez.<\/p>\n<p style=\"text-align: justify;\">La regidora de Participaci\u00f3 Ciutadana, Susi Ferrer, ha destacat que la compra d&#8217;este local<strong> \u201cdotar\u00e0 a les associacions de la ciutat d&#8217;un nou espai en el qual desenvolupar les seues activitats\u201d<\/strong>. Esta actuaci\u00f3 forma part de la llista d&#8217;Inversions Financerament Sostenibles, una s\u00e8rie d&#8217;actuacions finan\u00e7ades gr\u00e0cies al super\u00e0vit de 4,6 milions obtinguts com a resultat de la bona gesti\u00f3 de l&#8217;exercici passat, que s&#8217;invertir\u00e0 per primera vegada en la hist\u00f2ria en millores i noves infraestructures per a la ciutat.<\/p>\n","protected":false},"excerpt":{"rendered":"<p>L&#8217;espai estar\u00e0 situat entre els carrers Ram\u00f3n y Cajal, Cam\u00ed Reial, Pintor Genaro Palau i Pare M\u00e9ndez La Junta de Govern de l&#8217;Ajuntament de Torrent ha aprovat l&#8217;obertura d&#8217;un proc\u00e9s de subhasta per a l&#8217;adquisici\u00f3 d&#8217;un local per a ser utilitzat per associacions de la ciutat. El preu de l&#8217;adquisici\u00f3 ser\u00e0 com a m\u00e0xim de [&hellip;]<\/p>\n","protected":false},"author":9,"featured_media":1137,"comment_status":"closed","ping_status":"open","sticky":false,"template":"","format":"standard","meta":{"_acf_changed":false,"footnotes":""},"categories":[128,116],"tags":[],"class_list":["post-10422","post","type-post","status-publish","format-standard","has-post-thumbnail","hentry","category-bienestar-social-2","category-noticies"],"acf":[],"_links":{"self":[{"href":"https:\/\/infotorrent.es\/ca\/wp-json\/wp\/v2\/posts\/10422","targetHints":{"allow":["GET"]}}],"collection":[{"href":"https:\/\/infotorrent.es\/ca\/wp-json\/wp\/v2\/posts"}],"about":[{"href":"https:\/\/infotorrent.es\/ca\/wp-json\/wp\/v2\/types\/post"}],"author":[{"embeddable":true,"href":"https:\/\/infotorrent.es\/ca\/wp-json\/wp\/v2\/users\/9"}],"replies":[{"embeddable":true,"href":"https:\/\/infotorrent.es\/ca\/wp-json\/wp\/v2\/comments?post=10422"}],"version-history":[{"count":0,"href":"https:\/\/infotorrent.es\/ca\/wp-json\/wp\/v2\/posts\/10422\/revisions"}],"wp:featuredmedia":[{"embeddable":true,"href":"https:\/\/infotorrent.es\/ca\/wp-json\/wp\/v2\/media\/1137"}],"wp:attachment":[{"href":"https:\/\/infotorrent.es\/ca\/wp-json\/wp\/v2\/media?parent=10422"}],"wp:term":[{"taxonomy":"category","embeddable":true,"href":"https:\/\/infotorrent.es\/ca\/wp-json\/wp\/v2\/categories?post=10422"},{"taxonomy":"post_tag","embeddable":true,"href":"https:\/\/infotorrent.es\/ca\/wp-json\/wp\/v2\/tags?post=10422"}],"curies":[{"name":"wp","href":"https:\/\/api.w.org\/{rel}","templated":true}]}}