{"id":10419,"date":"2018-11-23T14:14:09","date_gmt":"2018-11-23T14:14:09","guid":{"rendered":"https:\/\/infotorrent.es\/uncategorized\/torrent-es-manifesta-contra-la-violencia-de-genere\/"},"modified":"2018-11-23T14:19:51","modified_gmt":"2018-11-23T14:19:51","slug":"torrent-es-manifesta-contra-la-violencia-de-genere","status":"publish","type":"post","link":"https:\/\/infotorrent.es\/ca\/noticies\/torrent-es-manifesta-contra-la-violencia-de-genere\/","title":{"rendered":"Torrent es manifesta contra la viol\u00e8ncia de g\u00e8nere"},"content":{"rendered":"<p><strong>Els centres educatius i les associacions locals han participat en un acte institucional de repulsa i condemna per la viol\u00e8ncia contra les dones<\/strong><\/p>\n<p style=\"text-align: justify;\">La ciutat de Torrent continua immersa en el programa d&#8217;activitats preparades per a celebrar la Setmana Contra la Viol\u00e8ncia de G\u00e8nere, organitzada per l&#8217;Ajuntament de Torrent a trav\u00e9s de Casa de la D\u00f3na. La jornada de hui ha comen\u00e7at en la Casa de la Cultura amb el lliurament de premis a l&#8217;alumnat que ha participat en el concurs de dibuix, a m\u00e9s d&#8217;un reconeixement a tots els centres que han s&#8217;han unit a esta iniciativa. Els guanyadors i guanyadores han rebut un regal individual i, a m\u00e9s, els centres han rebut un lot de llibres coeducatius per al seu centre: \u201cLes xiques s\u00f3n guerreres\u201d i \u201cEl futur \u00e9s femen\u00ed\u201d.<\/p>\n<p style=\"text-align: justify;\">La seg\u00fcent activitat del mat\u00ed ha tingut lloc en la sala d&#8217;actes de l&#8217;Ajuntament de Torrent. L&#8217;alcalde Jes\u00fas Ros, la regidora de Pol\u00edtiques d&#8217;Igualtat, Encarna Lerma Bes\u00f3, components de la corporaci\u00f3 municipal, associacions torrentines i xiquets i xiquetes de diferents centres educatius de la ciutat han participat en un acte institucional, en qu\u00e8 la regidora d&#8217;Igualtat ha llegit un manifest de repulsa contra de la viol\u00e8ncia de g\u00e8nere.<\/p>\n<p style=\"text-align: justify;\">L&#8217;alumnat ha participat en l&#8217;acte cantant una can\u00e7\u00f3 i presentant una pancarta. El moment m\u00e9s emotiu s&#8217;ha viscut quan s&#8217;ha llegit el nom de les 44 dones assassinades enguany. Els xiquets i xiquetes, al costat de representants de diferents associacions col\u00b7laboradores, han pujat a l&#8217;escenari amb un cartell amb el nom de cada dona. L&#8217;alcalde Jes\u00fas Ros ha tancat l&#8217;acte posant l&#8217;accent en la import\u00e0ncia que t\u00e9 l&#8217;educaci\u00f3 per a aconseguir una igualtat entre dones i homes, <strong>\u201cperqu\u00e8 tots i totes som iguals i des que som xiquets i xiquetes hem d&#8217;aprendre a conviure en valors de respecte, igualtat i no viol\u00e8ncia perqu\u00e8, les atrocitats que hui denunciem, un dia desapareguen\u201d<\/strong>.<\/p>\n<p><strong>Taula informativa en el Ficus<\/strong><\/p>\n<p style=\"text-align: justify;\">Durant el mat\u00ed d&#8217;ahir es va instalar una taula informativa en la pla\u00e7a Bisbe Benlloch, on la ciutadania pogu\u00e9 col\u00b7laborar aportant frases i missatges en contra de la viol\u00e8ncia de g\u00e8nere. A la vesprada, la Casa de la Dona acoll\u00ed\u00a0 la representaci\u00f3 de l&#8217;obra \u201cC\u00f2mplices\u201d de Muntem un Drama, cant de cigne; una adaptaci\u00f3 del mon\u00f2leg d&#8217;Isabel Clara Sim\u00f3 sobre el testimoniatge de Miguel, un home que est\u00e0 en la pres\u00f3 i, a trav\u00e9s d&#8217;un mon\u00f2leg, compte que \u201cper amor\u201d ha matat a la seua dona. La Setmana Contra la Viol\u00e8ncia de G\u00e8nere es clausurar\u00e0 este diumenge, Dia de la Viol\u00e8ncia de G\u00e8nere, amb la participaci\u00f3 de Torrent en la marxa contra la viol\u00e8ncia masclista de Val\u00e8ncia. Per aix\u00f2, Casa de la Dona ha preparat una pancarta darrere de la qual caminaran els i les torrentines que vulguen unir-se.<\/p>\n<p><img fetchpriority=\"high\" decoding=\"async\" class=\"size-full wp-image-20939 aligncenter\" src=\"https:\/\/www.infotorrent.es\/wp-content\/uploads\/2018\/11\/Violencia-Genero.jpg\" alt=\"\" width=\"750\" height=\"500\" \/><\/p>\n<p><img decoding=\"async\" class=\"size-full wp-image-20937 aligncenter\" src=\"https:\/\/www.infotorrent.es\/wp-content\/uploads\/2018\/11\/Violencia-Genero1.jpg\" alt=\"\" width=\"750\" height=\"500\" \/><\/p>\n<p><img decoding=\"async\" class=\"size-full wp-image-20935 aligncenter\" src=\"https:\/\/www.infotorrent.es\/wp-content\/uploads\/2018\/11\/Teatre_Forum_Dona.jpg\" alt=\"\" width=\"746\" height=\"500\" \/><\/p>\n<p><img loading=\"lazy\" decoding=\"async\" class=\"size-full wp-image-20933 aligncenter\" src=\"https:\/\/www.infotorrent.es\/wp-content\/uploads\/2018\/11\/Mesa-informativa1.jpeg\" alt=\"\" width=\"750\" height=\"422\" \/><\/p>\n<p><img loading=\"lazy\" decoding=\"async\" class=\"size-full wp-image-20948 aligncenter\" src=\"https:\/\/www.infotorrent.es\/wp-content\/uploads\/2018\/11\/Mesa.jpg\" alt=\"\" width=\"750\" height=\"500\" \/><\/p>\n","protected":false},"excerpt":{"rendered":"<p>Els centres educatius i les associacions locals han participat en un acte institucional de repulsa i condemna per la viol\u00e8ncia contra les dones La ciutat de Torrent continua immersa en el programa d&#8217;activitats preparades per a celebrar la Setmana Contra la Viol\u00e8ncia de G\u00e8nere, organitzada per l&#8217;Ajuntament de Torrent a trav\u00e9s de Casa de la [&hellip;]<\/p>\n","protected":false},"author":9,"featured_media":10421,"comment_status":"closed","ping_status":"open","sticky":false,"template":"","format":"standard","meta":{"_acf_changed":false,"footnotes":""},"categories":[127,116],"tags":[],"class_list":["post-10419","post","type-post","status-publish","format-standard","has-post-thumbnail","hentry","category-noticias-2","category-noticies"],"acf":[],"_links":{"self":[{"href":"https:\/\/infotorrent.es\/ca\/wp-json\/wp\/v2\/posts\/10419","targetHints":{"allow":["GET"]}}],"collection":[{"href":"https:\/\/infotorrent.es\/ca\/wp-json\/wp\/v2\/posts"}],"about":[{"href":"https:\/\/infotorrent.es\/ca\/wp-json\/wp\/v2\/types\/post"}],"author":[{"embeddable":true,"href":"https:\/\/infotorrent.es\/ca\/wp-json\/wp\/v2\/users\/9"}],"replies":[{"embeddable":true,"href":"https:\/\/infotorrent.es\/ca\/wp-json\/wp\/v2\/comments?post=10419"}],"version-history":[{"count":0,"href":"https:\/\/infotorrent.es\/ca\/wp-json\/wp\/v2\/posts\/10419\/revisions"}],"wp:featuredmedia":[{"embeddable":true,"href":"https:\/\/infotorrent.es\/ca\/wp-json\/wp\/v2\/media\/10421"}],"wp:attachment":[{"href":"https:\/\/infotorrent.es\/ca\/wp-json\/wp\/v2\/media?parent=10419"}],"wp:term":[{"taxonomy":"category","embeddable":true,"href":"https:\/\/infotorrent.es\/ca\/wp-json\/wp\/v2\/categories?post=10419"},{"taxonomy":"post_tag","embeddable":true,"href":"https:\/\/infotorrent.es\/ca\/wp-json\/wp\/v2\/tags?post=10419"}],"curies":[{"name":"wp","href":"https:\/\/api.w.org\/{rel}","templated":true}]}}