{"id":10416,"date":"2018-11-23T14:01:04","date_gmt":"2018-11-23T14:01:04","guid":{"rendered":"https:\/\/infotorrent.es\/uncategorized\/a-nou-pedres-de-tu-de-marcos-morales-i-instantanies-de-consol-martinez-premis-de-narrativa-juvenil-i-poesia-ciutat-de-torrent-de-2018\/"},"modified":"2018-11-23T13:53:32","modified_gmt":"2018-11-23T13:53:32","slug":"a-nou-pedres-de-tu-de-marcos-morales-i-instantanies-de-consol-martinez-premis-de-narrativa-juvenil-i-poesia-ciutat-de-torrent-de-2018","status":"publish","type":"post","link":"https:\/\/infotorrent.es\/ca\/noticies\/a-nou-pedres-de-tu-de-marcos-morales-i-instantanies-de-consol-martinez-premis-de-narrativa-juvenil-i-poesia-ciutat-de-torrent-de-2018\/","title":{"rendered":"A nou pedres de tu, de Marcos Morales, i Instant\u00e0nies, de Consol Mart\u00ednez, premis de narrativa juvenil i poesia Ciutat de Torrent de 2018"},"content":{"rendered":"<p><strong>Ivan Carbonell, amb <em>El senyor de la guerra<\/em>, finalista de narrativa<\/strong><\/p>\n<p><strong>Els guardons complixen 20 anys i ho celebren amb un acte en qu\u00e8 participen guanyadors d\u2019anteriors edicions<\/strong><\/p>\n<p style=\"text-align: justify;\">Marcos Morales Pel\u00e1ez, amb la novel\u00b7la <em>A nou pedres de tu;<\/em> i Consol Mart\u00ednez Bella, amb el poemari <em>Instant\u00e0nies<\/em>, foren proclamats ahir guanyadors dels Premis Literaris Ciutat de Torrent en les modalitats de narrativa juvenil, que arriba a la setzena convocat\u00f2ria, i poesia, novena edici\u00f3, respectivament. <em>El senyor de la guerra<\/em>, d\u2019Ivan Carbonell Iglesias, ha sigut triada finalista de la modalitat de narrativa juvenil. La sala d\u2019actes de la Casa de la Cultura acoll\u00ed l\u2019acte de lliurament dels premis, organitzat per l\u2019Oficina de Promoci\u00f3 i \u00das del Valenci\u00e0, presentat i condu\u00eft per l\u2019escriptor i ambaixador de la Lectura 2018,\u00a0 Carles Cano.<\/p>\n<p style=\"text-align: justify;\">L\u2019acte compt\u00e0 amb la pres\u00e8ncia de l\u2019alcalde Jes\u00fas Ros, la regidora d\u2019Educaci\u00f3 i Dinamitzaci\u00f3 Ling\u00fc\u00edstica, Patricia S\u00e1ez, amb altres membres de la corporaci\u00f3 municipal. Abans de fer-se p\u00fablics els premis, es project\u00e0 un v\u00eddeo sobre els 20 anys de premis literaris a Torrent, elaborat pel Departament de Comunicaci\u00f3 de l\u2019Ajuntament de Torrent, en qu\u00e8 han participat escriptors i personalitats que han participat com a jurat en estes dos d\u00e8cades aix\u00ed com escriptores i escriptors guardonats. Amb motiu d\u2019estos 20 anys de traject\u00f2ria dels premis, l\u2019Oficina organitz\u00e0 un acte de lliurament ben especial ja que convid\u00e0 els autors guanyadors de totes les edicions, molts dels quals feren acte de pres\u00e8ncia i participaren en la celebraci\u00f3.<\/p>\n<p style=\"text-align: justify;\">A m\u00e9s, la convocat\u00f2ria d\u2019enguany ha introdu\u00eft moltes novetats motivada per este aniversari, amb l\u2019objectiu de millorar-la aix\u00ed els premis tornen a ser anuals i s\u2019ha reestructurat la convocat\u00f2ria amb nom\u00e9s les modalitats de narrativa i poesia. Tamb\u00e9, a fi d&#8217;augmentar la visibilitat del certamen i donar-li m\u00e9s impuls, el Premi de Narrativa Juvenil augmenta fins a 12.000 euros \u2013repartits entre l\u2019Ajuntament i Caixa Rural Torrent- i \u00e9s un dels m\u00e9s dotats econ\u00f2micament de tota la Comunitat Valenciana. L&#8217;editorial Tabarca per la seua part assumix la dotaci\u00f3 dels 1.800 euros del Premi Finalista de Narrativa Juvenil i dels 3.000 euros del Premi de Poesia<\/p>\n<p style=\"text-align: justify;\">En esta edici\u00f3 dels Premis Literaris Ciutat de Torrent s\u2019han presentat un total de 38 originals entre poemaris (25) i narrativa juvenil (13). El jurat, triat per l\u2019editorial, l\u2019han format escriptors valencians de reconegut prestigi com Josep Palomero, Maluy Benet o Vicente Mu\u00f1oz Puelles; un representant de Caixa Rural que patrocina el Premi de Narrativa Juvenil i la regidora d\u2019Educaci\u00f3 i Dinamitzaci\u00f3 Ling\u00fc\u00edstica, Patricia S\u00e1ez, que el presidix. El de poesia l\u2019han format els mateixos escriptors a m\u00e9s del poeta Berna Blanch, qui fou el guanyador de la primera edici\u00f3 del Premi de Poesia Ciutat de Torrent.<\/p>\n<p style=\"text-align: justify;\">El lliurament dels premis ha sigut el colof\u00f3 d\u2019una setmana plena d\u2019activitats liter\u00e0ries, organitzada per l\u2019Oficina de Promoci\u00f3 i \u00das del Valenci\u00e0. El mateix Carles Cano ha participat en tallers de poesia en diferents instituts de la ciutat.<\/p>\n<p><img fetchpriority=\"high\" decoding=\"async\" class=\"size-full wp-image-20922 aligncenter\" src=\"https:\/\/www.infotorrent.es\/wp-content\/uploads\/2018\/11\/Premis-Literaris_20-anys_.jpg\" alt=\"\" width=\"750\" height=\"485\" \/><\/p>\n","protected":false},"excerpt":{"rendered":"<p>Ivan Carbonell, amb El senyor de la guerra, finalista de narrativa Els guardons complixen 20 anys i ho celebren amb un acte en qu\u00e8 participen guanyadors d\u2019anteriors edicions Marcos Morales Pel\u00e1ez, amb la novel\u00b7la A nou pedres de tu; i Consol Mart\u00ednez Bella, amb el poemari Instant\u00e0nies, foren proclamats ahir guanyadors dels Premis Literaris Ciutat [&hellip;]<\/p>\n","protected":false},"author":9,"featured_media":10418,"comment_status":"closed","ping_status":"open","sticky":false,"template":"","format":"standard","meta":{"_acf_changed":false,"footnotes":""},"categories":[126,116],"tags":[],"class_list":["post-10416","post","type-post","status-publish","format-standard","has-post-thumbnail","hentry","category-cultura-es-2","category-noticies"],"acf":[],"_links":{"self":[{"href":"https:\/\/infotorrent.es\/ca\/wp-json\/wp\/v2\/posts\/10416","targetHints":{"allow":["GET"]}}],"collection":[{"href":"https:\/\/infotorrent.es\/ca\/wp-json\/wp\/v2\/posts"}],"about":[{"href":"https:\/\/infotorrent.es\/ca\/wp-json\/wp\/v2\/types\/post"}],"author":[{"embeddable":true,"href":"https:\/\/infotorrent.es\/ca\/wp-json\/wp\/v2\/users\/9"}],"replies":[{"embeddable":true,"href":"https:\/\/infotorrent.es\/ca\/wp-json\/wp\/v2\/comments?post=10416"}],"version-history":[{"count":0,"href":"https:\/\/infotorrent.es\/ca\/wp-json\/wp\/v2\/posts\/10416\/revisions"}],"wp:featuredmedia":[{"embeddable":true,"href":"https:\/\/infotorrent.es\/ca\/wp-json\/wp\/v2\/media\/10418"}],"wp:attachment":[{"href":"https:\/\/infotorrent.es\/ca\/wp-json\/wp\/v2\/media?parent=10416"}],"wp:term":[{"taxonomy":"category","embeddable":true,"href":"https:\/\/infotorrent.es\/ca\/wp-json\/wp\/v2\/categories?post=10416"},{"taxonomy":"post_tag","embeddable":true,"href":"https:\/\/infotorrent.es\/ca\/wp-json\/wp\/v2\/tags?post=10416"}],"curies":[{"name":"wp","href":"https:\/\/api.w.org\/{rel}","templated":true}]}}