{"id":10406,"date":"2018-11-21T14:31:46","date_gmt":"2018-11-21T14:31:46","guid":{"rendered":"https:\/\/infotorrent.es\/uncategorized\/els-extremenys-premien-el-suport-de-lajuntament-de-torrent-a-la-seua-cultura\/"},"modified":"2018-11-21T14:29:17","modified_gmt":"2018-11-21T14:29:17","slug":"els-extremenys-premien-el-suport-de-lajuntament-de-torrent-a-la-seua-cultura","status":"publish","type":"post","link":"https:\/\/infotorrent.es\/ca\/noticies\/els-extremenys-premien-el-suport-de-lajuntament-de-torrent-a-la-seua-cultura\/","title":{"rendered":"Els extremenys premien el suport de l&#8217;Ajuntament de Torrent a la seua cultura"},"content":{"rendered":"<p style=\"text-align: justify;\">La Federaci\u00f3 d&#8217;Associacions Extremenyes de la Comunitat Valenciana va celebrar a Torrent el passat cap de setmana una jornada festiva i cultural. En l&#8217;acte, l&#8217;Ajuntament de Torrent va rebre, al costat de l&#8217;Ajuntament de Pu\u00e7ol, el premi &#8220;Belloranja&#8221; pel seu suport al foment de la cultura i la integraci\u00f3 dels extremenys i extremenyes en terres valencianes. La regidora de Medi Ambient, Inma Amat, i el regidor de Modernitzaci\u00f3, Andr\u00e9s Campos, van rebre el guard\u00f3 en nom del consistori.<\/p>\n","protected":false},"excerpt":{"rendered":"<p>La Federaci\u00f3 d&#8217;Associacions Extremenyes de la Comunitat Valenciana va celebrar a Torrent el passat cap de setmana una jornada festiva i cultural. En l&#8217;acte, l&#8217;Ajuntament de Torrent va rebre, al costat de l&#8217;Ajuntament de Pu\u00e7ol, el premi &#8220;Belloranja&#8221; pel seu suport al foment de la cultura i la integraci\u00f3 dels extremenys i extremenyes en terres [&hellip;]<\/p>\n","protected":false},"author":3,"featured_media":1137,"comment_status":"closed","ping_status":"open","sticky":false,"template":"","format":"standard","meta":{"_acf_changed":false,"footnotes":""},"categories":[126,116],"tags":[],"class_list":["post-10406","post","type-post","status-publish","format-standard","has-post-thumbnail","hentry","category-cultura-es-2","category-noticies"],"acf":[],"_links":{"self":[{"href":"https:\/\/infotorrent.es\/ca\/wp-json\/wp\/v2\/posts\/10406","targetHints":{"allow":["GET"]}}],"collection":[{"href":"https:\/\/infotorrent.es\/ca\/wp-json\/wp\/v2\/posts"}],"about":[{"href":"https:\/\/infotorrent.es\/ca\/wp-json\/wp\/v2\/types\/post"}],"author":[{"embeddable":true,"href":"https:\/\/infotorrent.es\/ca\/wp-json\/wp\/v2\/users\/3"}],"replies":[{"embeddable":true,"href":"https:\/\/infotorrent.es\/ca\/wp-json\/wp\/v2\/comments?post=10406"}],"version-history":[{"count":0,"href":"https:\/\/infotorrent.es\/ca\/wp-json\/wp\/v2\/posts\/10406\/revisions"}],"wp:featuredmedia":[{"embeddable":true,"href":"https:\/\/infotorrent.es\/ca\/wp-json\/wp\/v2\/media\/1137"}],"wp:attachment":[{"href":"https:\/\/infotorrent.es\/ca\/wp-json\/wp\/v2\/media?parent=10406"}],"wp:term":[{"taxonomy":"category","embeddable":true,"href":"https:\/\/infotorrent.es\/ca\/wp-json\/wp\/v2\/categories?post=10406"},{"taxonomy":"post_tag","embeddable":true,"href":"https:\/\/infotorrent.es\/ca\/wp-json\/wp\/v2\/tags?post=10406"}],"curies":[{"name":"wp","href":"https:\/\/api.w.org\/{rel}","templated":true}]}}