{"id":10403,"date":"2018-11-21T14:24:30","date_gmt":"2018-11-21T14:24:30","guid":{"rendered":"https:\/\/infotorrent.es\/uncategorized\/lassociacio-civica-14-dabril-celebra-una-xarrada-sobre-els-afusellats-a-torrent\/"},"modified":"2018-11-21T14:26:18","modified_gmt":"2018-11-21T14:26:18","slug":"lassociacio-civica-14-dabril-celebra-una-xarrada-sobre-els-afusellats-a-torrent","status":"publish","type":"post","link":"https:\/\/infotorrent.es\/ca\/noticies\/lassociacio-civica-14-dabril-celebra-una-xarrada-sobre-els-afusellats-a-torrent\/","title":{"rendered":"L&#8217;Associaci\u00f3 C\u00edvica 14 d&#8217;abril celebra una xarrada sobre els afusellats a Torrent"},"content":{"rendered":"<p style=\"text-align: justify;\">Mig centenar de persones van assistir divendres passat a la xarrada de l&#8217;Associaci\u00f3 C\u00edvica 14 d&#8217;abril que va tindre lloc a la Casa de la Cultura. Durant la primera part de l&#8217;acte es va projectar un v\u00eddeo en el qual s&#8217;homenatjava les persones que en la primavera del 39 van ser afusellades en la t\u00e0pia del cementeri de Torrent. En la segona part de l&#8217;acte va tindre lloc l&#8217;experi\u00e8ncia viscuda per Daniel Gal\u00e0 en les exhumacions de les fosses que s&#8217;estan duent a terme a Paterna i en la qual va trobar les pertinences del seu avi. Per a finalitzar l&#8217;acte, amb la col\u00b7laboraci\u00f3 de Cucuruc\u00fa Teatre, es van llegir els noms de tots els afusellats de Torrent finalitzant amb la lectura de diversos poemes i el lliurament d&#8217;uns obsequis als familiars assistents a l&#8217;acte.<\/p>\n<p><img fetchpriority=\"high\" decoding=\"async\" class=\"size-full wp-image-20848 aligncenter\" src=\"https:\/\/www.infotorrent.es\/wp-content\/uploads\/2018\/11\/familiares.png\" alt=\"\" width=\"777\" height=\"437\" \/><\/p>\n","protected":false},"excerpt":{"rendered":"<p>Mig centenar de persones van assistir divendres passat a la xarrada de l&#8217;Associaci\u00f3 C\u00edvica 14 d&#8217;abril que va tindre lloc a la Casa de la Cultura. Durant la primera part de l&#8217;acte es va projectar un v\u00eddeo en el qual s&#8217;homenatjava les persones que en la primavera del 39 van ser afusellades en la t\u00e0pia [&hellip;]<\/p>\n","protected":false},"author":3,"featured_media":10405,"comment_status":"closed","ping_status":"open","sticky":false,"template":"","format":"standard","meta":{"_acf_changed":false,"footnotes":""},"categories":[117,126,116],"tags":[259],"class_list":["post-10403","post","type-post","status-publish","format-standard","has-post-thumbnail","hentry","category-cultura","category-cultura-es-2","category-noticies","tag-ajuntament-de-torrenttorrent"],"acf":[],"_links":{"self":[{"href":"https:\/\/infotorrent.es\/ca\/wp-json\/wp\/v2\/posts\/10403","targetHints":{"allow":["GET"]}}],"collection":[{"href":"https:\/\/infotorrent.es\/ca\/wp-json\/wp\/v2\/posts"}],"about":[{"href":"https:\/\/infotorrent.es\/ca\/wp-json\/wp\/v2\/types\/post"}],"author":[{"embeddable":true,"href":"https:\/\/infotorrent.es\/ca\/wp-json\/wp\/v2\/users\/3"}],"replies":[{"embeddable":true,"href":"https:\/\/infotorrent.es\/ca\/wp-json\/wp\/v2\/comments?post=10403"}],"version-history":[{"count":0,"href":"https:\/\/infotorrent.es\/ca\/wp-json\/wp\/v2\/posts\/10403\/revisions"}],"wp:featuredmedia":[{"embeddable":true,"href":"https:\/\/infotorrent.es\/ca\/wp-json\/wp\/v2\/media\/10405"}],"wp:attachment":[{"href":"https:\/\/infotorrent.es\/ca\/wp-json\/wp\/v2\/media?parent=10403"}],"wp:term":[{"taxonomy":"category","embeddable":true,"href":"https:\/\/infotorrent.es\/ca\/wp-json\/wp\/v2\/categories?post=10403"},{"taxonomy":"post_tag","embeddable":true,"href":"https:\/\/infotorrent.es\/ca\/wp-json\/wp\/v2\/tags?post=10403"}],"curies":[{"name":"wp","href":"https:\/\/api.w.org\/{rel}","templated":true}]}}