{"id":10374,"date":"2018-11-16T12:00:34","date_gmt":"2018-11-16T12:00:34","guid":{"rendered":"https:\/\/infotorrent.es\/uncategorized\/lexposicio-125-anys-del-trenet-a-torrent-prorrogada-fins-al-dia-25-de-novembre\/"},"modified":"2018-11-16T12:00:56","modified_gmt":"2018-11-16T12:00:56","slug":"lexposicio-125-anys-del-trenet-a-torrent-prorrogada-fins-al-dia-25-de-novembre","status":"publish","type":"post","link":"https:\/\/infotorrent.es\/ca\/noticies\/lexposicio-125-anys-del-trenet-a-torrent-prorrogada-fins-al-dia-25-de-novembre\/","title":{"rendered":"L&#8217;exposici\u00f3 \u201c125\u00a0anys del\u00a0trenet a Torrent\u201d, prorrogada fins al dia 25 de novembre\u00a0"},"content":{"rendered":"<p>Degut al gran acolliment i les moltes visites realitzades a l&#8217;exposici\u00f3 &#8220;125 anys del trenet a Torrent&#8221;, situada en el Antic Mercat, s&#8217;ha decidit prorrogar la durada de la mateixa durant una setmana m\u00e9s, fins a el\u00a0diumenge\u00a025 de novembre. Mitjan\u00e7ant panells informatius, maquetes de trens a escala HO 1:87, 66 m\u00f2duls ferroviaris amb m\u00e9s de 130 metres de vies a escala i material aportat per Ferrocarrils de la Generalitat Valenciana (FGV), la mostra aborda la hist\u00f2ria del ferrocarril des dels seus inicis fins a l&#8217;actual xarxa de metro. L&#8217;horari \u00e9s de dilluns a dissabte de 9 a 14 hores; i dimarts, dijous, divendres i dissabte de 17 a 20 h. Domingo d&#8217;11 a 14 h.<\/p>\n","protected":false},"excerpt":{"rendered":"<p>Degut al gran acolliment i les moltes visites realitzades a l&#8217;exposici\u00f3 &#8220;125 anys del trenet a Torrent&#8221;, situada en el Antic Mercat, s&#8217;ha decidit prorrogar la durada de la mateixa durant una setmana m\u00e9s, fins a el\u00a0diumenge\u00a025 de novembre. Mitjan\u00e7ant panells informatius, maquetes de trens a escala HO 1:87, 66 m\u00f2duls ferroviaris amb m\u00e9s de [&hellip;]<\/p>\n","protected":false},"author":5,"featured_media":1137,"comment_status":"closed","ping_status":"open","sticky":false,"template":"","format":"standard","meta":{"_acf_changed":false,"footnotes":""},"categories":[126,117,116,133],"tags":[],"class_list":["post-10374","post","type-post","status-publish","format-standard","has-post-thumbnail","hentry","category-cultura-es-2","category-cultura","category-noticies","category-urbanisme"],"acf":[],"_links":{"self":[{"href":"https:\/\/infotorrent.es\/ca\/wp-json\/wp\/v2\/posts\/10374","targetHints":{"allow":["GET"]}}],"collection":[{"href":"https:\/\/infotorrent.es\/ca\/wp-json\/wp\/v2\/posts"}],"about":[{"href":"https:\/\/infotorrent.es\/ca\/wp-json\/wp\/v2\/types\/post"}],"author":[{"embeddable":true,"href":"https:\/\/infotorrent.es\/ca\/wp-json\/wp\/v2\/users\/5"}],"replies":[{"embeddable":true,"href":"https:\/\/infotorrent.es\/ca\/wp-json\/wp\/v2\/comments?post=10374"}],"version-history":[{"count":0,"href":"https:\/\/infotorrent.es\/ca\/wp-json\/wp\/v2\/posts\/10374\/revisions"}],"wp:featuredmedia":[{"embeddable":true,"href":"https:\/\/infotorrent.es\/ca\/wp-json\/wp\/v2\/media\/1137"}],"wp:attachment":[{"href":"https:\/\/infotorrent.es\/ca\/wp-json\/wp\/v2\/media?parent=10374"}],"wp:term":[{"taxonomy":"category","embeddable":true,"href":"https:\/\/infotorrent.es\/ca\/wp-json\/wp\/v2\/categories?post=10374"},{"taxonomy":"post_tag","embeddable":true,"href":"https:\/\/infotorrent.es\/ca\/wp-json\/wp\/v2\/tags?post=10374"}],"curies":[{"name":"wp","href":"https:\/\/api.w.org\/{rel}","templated":true}]}}