{"id":10372,"date":"2018-11-16T18:55:11","date_gmt":"2018-11-16T18:55:11","guid":{"rendered":"https:\/\/infotorrent.es\/uncategorized\/lajuntament-de-torrent-destinara-mes-de-300-000-e-per-a-rehabilitar-el-centre-historic\/"},"modified":"2018-11-16T18:55:19","modified_gmt":"2018-11-16T18:55:19","slug":"lajuntament-de-torrent-destinara-mes-de-300-000-e-per-a-rehabilitar-el-centre-historic","status":"publish","type":"post","link":"https:\/\/infotorrent.es\/ca\/noticies\/lajuntament-de-torrent-destinara-mes-de-300-000-e-per-a-rehabilitar-el-centre-historic\/","title":{"rendered":"L&#8217;Ajuntament de Torrent destinar\u00e0 m\u00e9s de 300.000 \u20ac per a rehabilitar el centre hist\u00f2ric"},"content":{"rendered":"<p><strong>El consistori contempla millores d&#8217;un gran nombre de carrers com Sant Dom\u00e8nec, Massanassa, Sant Francesc, pla\u00e7a dels Fonts o el barri de l&#8217;Alter<\/strong><\/p>\n<p style=\"text-align: justify;\">La proposta de pressupostos del pr\u00f2xim any de l&#8217;Ajuntament de Torrent prevista per l&#8217;equip de govern comptar\u00e0 amb una partida de m\u00e9s de 300.000 euros per a la rehabilitaci\u00f3 del centre hist\u00f2ric. Esta partida ser\u00e0 destinada a crear un programa d&#8217;ajudes per a la reforma i rehabilitaci\u00f3 d&#8217;habitatges d&#8217;una zona que, en paraules de l&#8217;alcalde Jes\u00fas Ros, <strong>\u201cno \u00e9s nom\u00e9s patrimoni dels ve\u00efns i ve\u00efnes d&#8217;aqueixos carrers i els seus propietaris sin\u00f3 tamb\u00e9 de totes les torrentines i els torrentins que passegen per estos barris i gaudixen d&#8217;este entorn urb\u00e0\u201d<\/strong>. El primer edil va destacar la <strong>\u201cforta inversi\u00f3\u201d<\/strong> prevista amb este pla d&#8217;ajudes per a la rehabilitaci\u00f3.<\/p>\n<p style=\"text-align: justify;\">Esta partida pressupost\u00e0ria per a crear ajudes per a la rehabilitaci\u00f3 d&#8217;habitatges se suma, amb l&#8217;objectiu global de recuperar l&#8217;esplendor del nucli hist\u00f2ric de la ciutat, a projectes de reurbanitzaci\u00f3 com el del carrer Sant Dom\u00e8nec, la pla\u00e7a de les Fonts i el carrer Massanassa; les reformes previstes en el barri hist\u00f2ric en el Pla de Millores 2018-2019, algunes d&#8217;elles immerses en l&#8217;estrat\u00e8gia DUSI i cofinan\u00e7ades per fons europeus FEDER, tamb\u00e9 inclouran el carrer Sant Francesc i li recuperaci\u00f3 del barri de l&#8217;Alter, entre altres, contemplant actuacions en un gran nombre de carrers entre els carrers Val\u00e8ncia, G\u00f3mez Ferrer i Ram\u00f3n y Cajal.<\/p>\n","protected":false},"excerpt":{"rendered":"<p>El consistori contempla millores d&#8217;un gran nombre de carrers com Sant Dom\u00e8nec, Massanassa, Sant Francesc, pla\u00e7a dels Fonts o el barri de l&#8217;Alter La proposta de pressupostos del pr\u00f2xim any de l&#8217;Ajuntament de Torrent prevista per l&#8217;equip de govern comptar\u00e0 amb una partida de m\u00e9s de 300.000 euros per a la rehabilitaci\u00f3 del centre hist\u00f2ric. [&hellip;]<\/p>\n","protected":false},"author":9,"featured_media":1137,"comment_status":"closed","ping_status":"open","sticky":false,"template":"","format":"standard","meta":{"_acf_changed":false,"footnotes":""},"categories":[126,127,116],"tags":[],"class_list":["post-10372","post","type-post","status-publish","format-standard","has-post-thumbnail","hentry","category-cultura-es-2","category-noticias-2","category-noticies"],"acf":[],"_links":{"self":[{"href":"https:\/\/infotorrent.es\/ca\/wp-json\/wp\/v2\/posts\/10372","targetHints":{"allow":["GET"]}}],"collection":[{"href":"https:\/\/infotorrent.es\/ca\/wp-json\/wp\/v2\/posts"}],"about":[{"href":"https:\/\/infotorrent.es\/ca\/wp-json\/wp\/v2\/types\/post"}],"author":[{"embeddable":true,"href":"https:\/\/infotorrent.es\/ca\/wp-json\/wp\/v2\/users\/9"}],"replies":[{"embeddable":true,"href":"https:\/\/infotorrent.es\/ca\/wp-json\/wp\/v2\/comments?post=10372"}],"version-history":[{"count":0,"href":"https:\/\/infotorrent.es\/ca\/wp-json\/wp\/v2\/posts\/10372\/revisions"}],"wp:featuredmedia":[{"embeddable":true,"href":"https:\/\/infotorrent.es\/ca\/wp-json\/wp\/v2\/media\/1137"}],"wp:attachment":[{"href":"https:\/\/infotorrent.es\/ca\/wp-json\/wp\/v2\/media?parent=10372"}],"wp:term":[{"taxonomy":"category","embeddable":true,"href":"https:\/\/infotorrent.es\/ca\/wp-json\/wp\/v2\/categories?post=10372"},{"taxonomy":"post_tag","embeddable":true,"href":"https:\/\/infotorrent.es\/ca\/wp-json\/wp\/v2\/tags?post=10372"}],"curies":[{"name":"wp","href":"https:\/\/api.w.org\/{rel}","templated":true}]}}