{"id":10362,"date":"2018-11-14T16:19:32","date_gmt":"2018-11-14T16:19:32","guid":{"rendered":"https:\/\/infotorrent.es\/uncategorized\/torrent-es-prepara-per-a-una-setmana-de-black-friday\/"},"modified":"2018-11-14T16:23:54","modified_gmt":"2018-11-14T16:23:54","slug":"torrent-es-prepara-per-a-una-setmana-de-black-friday","status":"publish","type":"post","link":"https:\/\/infotorrent.es\/ca\/noticies\/torrent-es-prepara-per-a-una-setmana-de-black-friday\/","title":{"rendered":"Torrent es prepara per a una setmana de Black Friday"},"content":{"rendered":"<p style=\"text-align: justify;\"><strong>La campanya \u201cComer\u00e7 de proximitat, aliments de qualitat\u201d seguix fins al mes de desembre<\/strong><\/p>\n<p style=\"text-align: justify;\"><strong>Els descomptes del <em>Black Friday<\/em> s\u2019amplien del 19 al 24 de novembre<\/strong><\/p>\n<p style=\"text-align: justify;\">L\u2019Ajuntament de Torrent, a trav\u00e9s de l\u2019empresa municipal Idea\u2019t, amb l\u2019objectiu de fomentar l\u2019activitat i la compra en el comer\u00e7 local, programa una gran campanya de descomptes amb motiu del <em>Black Friday<\/em> i, a m\u00e9s, continua fins a desembre amb la campanya \u201cComer\u00e7 de proximitat, aliments de qualitat\u201d. \u00c9s una campanya que va comen\u00e7ar el mes d\u2019octubre passat i s\u2019allargar\u00e0 fins a desembre, amb la qual es pret\u00e9n incentivar la compra en comer\u00e7os de proximitat a trav\u00e9s de diversos sortejos i regals dels diferents comer\u00e7os. Entre els premis, que se sortejaran el 12 de desembre, hi ha una cistella de Nadal valorada en 300 \u20ac o 20 premis de 50\u20ac, entre altres.<\/p>\n<p style=\"text-align: justify;\">El regidor de Gesti\u00f3 de Recursos, Andr\u00e9s Campos, ha destacat \u201cla import\u00e0ncia de donar suport a l\u2019economia i el comer\u00e7 local a trav\u00e9s d\u2019estes iniciatives, que a m\u00e9s proporcionen grans avantatges i comoditats al consumidor\u201d.<\/p>\n<p style=\"text-align: justify;\">Durant els \u00faltims anys els consumidors han aprofitat els grans descomptes del <em>Black Friday<\/em> per a fer les compres pr\u00e8vies a les festes nadalenques. Per aix\u00f2, Torrent se suma a esta campanya global i l\u2019adapta al comer\u00e7 local, primerament amb les ofertes i promocions del <em>Black Friday<\/em> \u201ci les amplia a una setmana, des del dilluns 19 fins al dissabte 24 de novembre, en els m\u00e9s de 75 establiments adherits, amb descomptes de fins al 60 % en alguns casos\u201d, ha explicat la gerent d\u2019Idea\u2019t, Mar\u00eda Mu\u00f1oz. A m\u00e9s, se sortejaran 5 vals de compra de 100 \u20ac en els comer\u00e7os de la campanya.<\/p>\n<p style=\"text-align: justify;\">Els comer\u00e7os participants i bases de les campanyes es poden consultar en: <a style=\"text-align: justify;\" href=\"https:\/\/www.portaldelcomerciante.com\/\" target=\"_blank\" rel=\"noopener\">https:\/\/torrent.portaldelcomerciante.com\/<\/a><\/p>\n","protected":false},"excerpt":{"rendered":"<p>La campanya \u201cComer\u00e7 de proximitat, aliments de qualitat\u201d seguix fins al mes de desembre Els descomptes del Black Friday s\u2019amplien del 19 al 24 de novembre L\u2019Ajuntament de Torrent, a trav\u00e9s de l\u2019empresa municipal Idea\u2019t, amb l\u2019objectiu de fomentar l\u2019activitat i la compra en el comer\u00e7 local, programa una gran campanya de descomptes amb motiu [&hellip;]<\/p>\n","protected":false},"author":3,"featured_media":1137,"comment_status":"closed","ping_status":"open","sticky":false,"template":"","format":"standard","meta":{"_acf_changed":false,"footnotes":""},"categories":[120,129,116],"tags":[259],"class_list":["post-10362","post","type-post","status-publish","format-standard","has-post-thumbnail","hentry","category-economia","category-economia-es-2","category-noticies","tag-ajuntament-de-torrenttorrent"],"acf":[],"_links":{"self":[{"href":"https:\/\/infotorrent.es\/ca\/wp-json\/wp\/v2\/posts\/10362","targetHints":{"allow":["GET"]}}],"collection":[{"href":"https:\/\/infotorrent.es\/ca\/wp-json\/wp\/v2\/posts"}],"about":[{"href":"https:\/\/infotorrent.es\/ca\/wp-json\/wp\/v2\/types\/post"}],"author":[{"embeddable":true,"href":"https:\/\/infotorrent.es\/ca\/wp-json\/wp\/v2\/users\/3"}],"replies":[{"embeddable":true,"href":"https:\/\/infotorrent.es\/ca\/wp-json\/wp\/v2\/comments?post=10362"}],"version-history":[{"count":0,"href":"https:\/\/infotorrent.es\/ca\/wp-json\/wp\/v2\/posts\/10362\/revisions"}],"wp:featuredmedia":[{"embeddable":true,"href":"https:\/\/infotorrent.es\/ca\/wp-json\/wp\/v2\/media\/1137"}],"wp:attachment":[{"href":"https:\/\/infotorrent.es\/ca\/wp-json\/wp\/v2\/media?parent=10362"}],"wp:term":[{"taxonomy":"category","embeddable":true,"href":"https:\/\/infotorrent.es\/ca\/wp-json\/wp\/v2\/categories?post=10362"},{"taxonomy":"post_tag","embeddable":true,"href":"https:\/\/infotorrent.es\/ca\/wp-json\/wp\/v2\/tags?post=10362"}],"curies":[{"name":"wp","href":"https:\/\/api.w.org\/{rel}","templated":true}]}}