{"id":10349,"date":"2018-11-12T14:59:47","date_gmt":"2018-11-12T14:59:47","guid":{"rendered":"https:\/\/infotorrent.es\/uncategorized\/proteccio-civil-de-torrent-celebra-una-jornada-de-portes-obertes\/"},"modified":"2018-11-12T15:02:42","modified_gmt":"2018-11-12T15:02:42","slug":"proteccio-civil-de-torrent-celebra-una-jornada-de-portes-obertes","status":"publish","type":"post","link":"https:\/\/infotorrent.es\/ca\/noticies\/proteccio-civil-de-torrent-celebra-una-jornada-de-portes-obertes\/","title":{"rendered":"Protecci\u00f3 Civil de Torrent celebra una jornada de portes obertes"},"content":{"rendered":"<p><strong>Un dia dirigit a tota la ciutadania, amb l\u2019objectiu d\u2019acostar el treball del voluntariat i presentar les diferents actuacions que realitzen<\/strong><\/p>\n<p style=\"text-align: justify;\">Protecci\u00f3 Civil de Torrent celebr\u00e0 este cap de setmana una jornada de portes obertes per a mostrar a la ciutadania en qu\u00e8 consistix la seua tasca com a voluntariat i tamb\u00e9 el material i els coneixements, al mateix temps que van assessorar totes aquelles persones que van voler acostar-s\u2019hi sobre com actuar davant determinades situacions i accidents en mat\u00e8ria de primers auxilis. No es van perdre esta exhibici\u00f3 l&#8217;alcalde Jes\u00fas Ros i el regidor de Seguretat Ciutadana, Jos\u00e9 Antonio Castillejo, els quals van poder presenciar la forma d\u2019actuaci\u00f3 davant una emerg\u00e8ncia.<\/p>\n<p style=\"text-align: justify;\">Els m\u00e9s curiosos que van estar a la pla\u00e7a Major tamb\u00e9 van con\u00e9ixer totes les tasques que es realitzen a trav\u00e9s d\u2019un gran nombre d\u2019estands informatius en els quals tamb\u00e9 van col\u00b7laborar Creu Roja amb el suport incondicional d\u2019altres agrupacions com ara Protecci\u00f3 Civil d&#8217;Almansa, Protecci\u00f3 Civil de Val\u00e8ncia i Protecci\u00f3 Civil d&#8217;Almussafes. El m\u00e9s curi\u00f3s d&#8217;este dia va ser el desplegament material i la flota de vehicles de salvament, assist\u00e8ncia sanit\u00e0ria i seguretat i la flota d\u2019ambul\u00e0ncies de Creu Roja. Els m\u00e9s menuts van poder provar tots els vehicles i van realitzar diversos tallers i jocs.<\/p>\n<p>&nbsp;<\/p>\n<p><img fetchpriority=\"high\" decoding=\"async\" class=\"size-full wp-image-20487 aligncenter\" src=\"https:\/\/www.infotorrent.es\/wp-content\/uploads\/2018\/11\/Jornada-PC-puertas-abiertas-02.jpg\" alt=\"\" width=\"750\" height=\"500\" \/><\/p>\n","protected":false},"excerpt":{"rendered":"<p>Un dia dirigit a tota la ciutadania, amb l\u2019objectiu d\u2019acostar el treball del voluntariat i presentar les diferents actuacions que realitzen Protecci\u00f3 Civil de Torrent celebr\u00e0 este cap de setmana una jornada de portes obertes per a mostrar a la ciutadania en qu\u00e8 consistix la seua tasca com a voluntariat i tamb\u00e9 el material i [&hellip;]<\/p>\n","protected":false},"author":9,"featured_media":10351,"comment_status":"closed","ping_status":"open","sticky":false,"template":"","format":"standard","meta":{"_acf_changed":false,"footnotes":""},"categories":[116,124],"tags":[],"class_list":["post-10349","post","type-post","status-publish","format-standard","has-post-thumbnail","hentry","category-noticies","category-seguretat-ciutadana"],"acf":[],"_links":{"self":[{"href":"https:\/\/infotorrent.es\/ca\/wp-json\/wp\/v2\/posts\/10349","targetHints":{"allow":["GET"]}}],"collection":[{"href":"https:\/\/infotorrent.es\/ca\/wp-json\/wp\/v2\/posts"}],"about":[{"href":"https:\/\/infotorrent.es\/ca\/wp-json\/wp\/v2\/types\/post"}],"author":[{"embeddable":true,"href":"https:\/\/infotorrent.es\/ca\/wp-json\/wp\/v2\/users\/9"}],"replies":[{"embeddable":true,"href":"https:\/\/infotorrent.es\/ca\/wp-json\/wp\/v2\/comments?post=10349"}],"version-history":[{"count":0,"href":"https:\/\/infotorrent.es\/ca\/wp-json\/wp\/v2\/posts\/10349\/revisions"}],"wp:featuredmedia":[{"embeddable":true,"href":"https:\/\/infotorrent.es\/ca\/wp-json\/wp\/v2\/media\/10351"}],"wp:attachment":[{"href":"https:\/\/infotorrent.es\/ca\/wp-json\/wp\/v2\/media?parent=10349"}],"wp:term":[{"taxonomy":"category","embeddable":true,"href":"https:\/\/infotorrent.es\/ca\/wp-json\/wp\/v2\/categories?post=10349"},{"taxonomy":"post_tag","embeddable":true,"href":"https:\/\/infotorrent.es\/ca\/wp-json\/wp\/v2\/tags?post=10349"}],"curies":[{"name":"wp","href":"https:\/\/api.w.org\/{rel}","templated":true}]}}