{"id":10327,"date":"2018-11-05T15:03:44","date_gmt":"2018-11-05T15:03:44","guid":{"rendered":"https:\/\/infotorrent.es\/uncategorized\/comenca-el-mes-del-medi-ambient-a-torrent\/"},"modified":"2018-11-05T15:12:21","modified_gmt":"2018-11-05T15:12:21","slug":"comenca-el-mes-del-medi-ambient-a-torrent","status":"publish","type":"post","link":"https:\/\/infotorrent.es\/ca\/noticies\/comenca-el-mes-del-medi-ambient-a-torrent\/","title":{"rendered":"Comen\u00e7a el Mes del Medi Ambient a Torrent"},"content":{"rendered":"<p><strong>Excursions, tallers o la primera Fira de Servicis Ambientals s\u00f3n algunes de les propostes ambientals dirigides a tots els p\u00fablics<\/strong><\/p>\n<p style=\"text-align: justify;\">Amb l\u2019objectiu de conscienciar sobre la responsabilitat i el respecte al nostre entorn ambiental, l&#8217;Ajuntament de Torrent ha preparat una programaci\u00f3 d&#8217;activitats molt variades per a celebrar el Mes del Medi Ambient. Des del dia 4 de novembre fins al 2 de desembre, els torrentins i les torrentines podran gaudir de tallers, excursions i activitats dirigides a tots els p\u00fablics i que tenen un clar component l\u00fadic, educatiu i sostenible.<\/p>\n<p style=\"text-align: justify;\">Una de les propostes principals del programa s\u00f3n les excursions i les visites, una iniciativa que l\u2019any passat va aconseguir un gran \u00e8xit de participaci\u00f3. Estes activitats comen\u00e7aran el dia 17 de novembre amb la visita a la planta de tractament de residus urbans Los Hornillos, on d\u2019una manera did\u00e0ctica i informativa es coneixer\u00e0 de primera m\u00e0 com funciona la planta i qu\u00e8 es fa amb els nostres residus. El dia 24 tindr\u00e0 lloc una ruta des del Vedat fins al Pant\u00e0. I, com a colof\u00f3 final, no podia faltar la ruta nocturna per la serra de Perenxisa, el dia 30. Per a participar-hi, cal inscriure-s\u2019hi en la p\u00e0gina web municipal <a href=\"http:\/\/www.torrent.es\" target=\"_blank\" rel=\"noopener\">www.torrent.es<\/a> (portal d&#8217;inscripcions), presencialment en el TDIC (planta baixa de l&#8217;ajuntament) o telefonant al 96 111 11 11.<\/p>\n<p style=\"text-align: justify;\">Entre les novetats d&#8217;enguany es troba la I Fira de Servicis Ambientals a la pla\u00e7a de les Corts Valencianes. Durant el mat\u00ed del 2 de desembre, l&#8217;Ajuntament de Torrent donar\u00e0 a con\u00e9ixer els serveis ambientals, els quals contribu\u00efxen al benestar de la ciutadania i a una major qualitat de vida. Els serveis que hi haur\u00e0 en la fira s\u00f3n el cicle integral de l\u2019aigua, neteja urbana, parcs i jardins, manteniment forestal, educaci\u00f3 ambiental, defensa contra incendis forestals, control i seguiment d\u2019incendis forestals i gesti\u00f3 de residus canins.<\/p>\n<p style=\"text-align: justify;\">Una altra de les propostes en l\u2019agenda del Mes del Medi Ambient \u00e9s la jornada d&#8217;anellament d\u2019ocells en el Vedat. Al llarg del mat\u00ed del dia 18 tindr\u00e0 lloc esta activitat on, a m\u00e9s, s\u2019observaran els ocells en directe mitjan\u00e7ant prism\u00e0tics i telescopis terrestres. La IV Fira Agr\u00edcola Solid\u00e0ria organitzada per l&#8217;Associaci\u00f3 de Ve\u00efns El Vedat \u00e9s una de les iniciatives que arriba un any m\u00e9s per a promoure els productes locals i de la terra. La fira es muntar\u00e0 al carrer de la Font de Sant Llu\u00eds de 10 a 14 hores el dissabte dia 10.<\/p>\n<p style=\"text-align: justify;\">L&#8217;oferta per al p\u00fablic infantil est\u00e0 plena de diversi\u00f3, per\u00f2 sobretot d\u2019aprenentatge. Les places de Torrent s&#8217;ompliran d\u2019activitats amb els jocs que educaran en sostenibilitat. D&#8217;altra banda, el programa t\u00e9 tallers espec\u00edfics per als centres escolars, on es promour\u00e0 el reciclatge entre els menuts. Mitjan\u00e7ant un teatre protagonitzat per Berto Zampapilas aprendran i fomentaran el reciclatge de les piles i bateries usades. Igualment, a trav\u00e9s de l&#8217;activitat \u201cLes multes morals\u201d, els xiquets i xiquetes eixiran al carrer per a realitzar divertides accions per a con\u00e9ixer i destacar les actituds i comportaments que s\u00f3n poc respectuosos amb el medi ambient, denunciar-les i deixar de fer-les.<\/p>\n<p style=\"text-align: justify;\">La programaci\u00f3 es completa amb els tallers que l\u2019Hort de Tr\u00e9nor oferix cada diumenge al mat\u00ed, amb un component mediambiental i que tenen l\u2019objectiu de conscienciar els xiquets sobre estos valors.<\/p>\n<p>Per a con\u00e9ixer tots els detalls de la programaci\u00f3 d&#8217;activitats del Mes del Medi Ambient es pot consultar el seg\u00fcent enlla\u00e7: <a href=\"https:\/\/www.infotorrent.es\/events\/\">https:\/\/www.infotorrent.es\/events\/<\/a><\/p>\n","protected":false},"excerpt":{"rendered":"<p>Excursions, tallers o la primera Fira de Servicis Ambientals s\u00f3n algunes de les propostes ambientals dirigides a tots els p\u00fablics Amb l\u2019objectiu de conscienciar sobre la responsabilitat i el respecte al nostre entorn ambiental, l&#8217;Ajuntament de Torrent ha preparat una programaci\u00f3 d&#8217;activitats molt variades per a celebrar el Mes del Medi Ambient. Des del dia [&hellip;]<\/p>\n","protected":false},"author":9,"featured_media":1137,"comment_status":"closed","ping_status":"open","sticky":false,"template":"","format":"standard","meta":{"_acf_changed":false,"footnotes":""},"categories":[119,138,127,116],"tags":[],"class_list":["post-10327","post","type-post","status-publish","format-standard","has-post-thumbnail","hentry","category-medi-ambient","category-medio-ambiente-2","category-noticias-2","category-noticies"],"acf":[],"_links":{"self":[{"href":"https:\/\/infotorrent.es\/ca\/wp-json\/wp\/v2\/posts\/10327","targetHints":{"allow":["GET"]}}],"collection":[{"href":"https:\/\/infotorrent.es\/ca\/wp-json\/wp\/v2\/posts"}],"about":[{"href":"https:\/\/infotorrent.es\/ca\/wp-json\/wp\/v2\/types\/post"}],"author":[{"embeddable":true,"href":"https:\/\/infotorrent.es\/ca\/wp-json\/wp\/v2\/users\/9"}],"replies":[{"embeddable":true,"href":"https:\/\/infotorrent.es\/ca\/wp-json\/wp\/v2\/comments?post=10327"}],"version-history":[{"count":0,"href":"https:\/\/infotorrent.es\/ca\/wp-json\/wp\/v2\/posts\/10327\/revisions"}],"wp:featuredmedia":[{"embeddable":true,"href":"https:\/\/infotorrent.es\/ca\/wp-json\/wp\/v2\/media\/1137"}],"wp:attachment":[{"href":"https:\/\/infotorrent.es\/ca\/wp-json\/wp\/v2\/media?parent=10327"}],"wp:term":[{"taxonomy":"category","embeddable":true,"href":"https:\/\/infotorrent.es\/ca\/wp-json\/wp\/v2\/categories?post=10327"},{"taxonomy":"post_tag","embeddable":true,"href":"https:\/\/infotorrent.es\/ca\/wp-json\/wp\/v2\/tags?post=10327"}],"curies":[{"name":"wp","href":"https:\/\/api.w.org\/{rel}","templated":true}]}}