{"id":10324,"date":"2018-11-05T14:55:00","date_gmt":"2018-11-05T14:55:00","guid":{"rendered":"https:\/\/infotorrent.es\/uncategorized\/ramon-y-cajal-i-antoni-pardo-guanyadores-del-concurs-de-curtmetratges-fallers\/"},"modified":"2018-11-05T14:58:35","modified_gmt":"2018-11-05T14:58:35","slug":"ramon-y-cajal-i-antoni-pardo-guanyadores-del-concurs-de-curtmetratges-fallers","status":"publish","type":"post","link":"https:\/\/infotorrent.es\/ca\/noticies\/ramon-y-cajal-i-antoni-pardo-guanyadores-del-concurs-de-curtmetratges-fallers\/","title":{"rendered":"Ram\u00f3n y Cajal i Antoni Pardo, guanyadores del concurs de curtmetratges fallers"},"content":{"rendered":"<p style=\"text-align: justify;\">La falla Nicolau Andreu va celebrar diumenge a la vesprada la gala de lliurament de Premis del Concurs de Curtmetratges, que organitzen per set\u00e9 any consecutiu i que t\u00e9 un car\u00e0cter solidari, ja que els diners recaptats amb les entrades s\u00f3n en benefici de l&#8217;Associaci\u00f3 Projecte Autisme ASPAU. La sala d\u2019actes de l&#8217;Ajuntament va acollir l\u2019acte, dividit en dos gales (infantil i adulta), que va reunir un gran nombre de fallers i falleres que van gaudir de la projecci\u00f3 dels curts i, posteriorment, van con\u00e9ixer el nom dels guanyadors. Al mat\u00ed es va descobrir el guanyador de la modalitat infantil, en la qual es va declarar vencedora la falla Ram\u00f3n y Cajal. A la vesprada va tindre lloc l\u2019altra gala, en qu\u00e8 la falla Antoni Pardo aconsegu\u00ed el primer premi.<\/p>\n<p style=\"text-align: justify;\">En finalitzar les dos gales, les falleres majors de Torrent, les m\u00e0ximes representants de la falla Nicolau Andreu i la regidora d&#8217;Educaci\u00f3 i Dinamitzaci\u00f3 Ling\u00fc\u00edstica, Patricia S\u00e1ez, van fer lliurament dels premis. L&#8217;Oficina de Promoci\u00f3 i \u00das del Valenci\u00e0 de l&#8217;Ajuntament de Torrent era l\u2019encarregada d\u2019organitzar i entregar els Premis als Millors Curtmetratges en Valenci\u00e0. El curt infantil guanyador fou el de la falla Sant Roc, i el gran, el de la falla Ram\u00f3n y Cajal.<\/p>\n<p>&nbsp;<\/p>\n<p><img fetchpriority=\"high\" decoding=\"async\" class=\"size-full wp-image-20233 aligncenter\" src=\"https:\/\/www.infotorrent.es\/wp-content\/uploads\/2018\/11\/gala-cortos.jpeg\" alt=\"\" width=\"667\" height=\"500\" \/><\/p>\n","protected":false},"excerpt":{"rendered":"<p>La falla Nicolau Andreu va celebrar diumenge a la vesprada la gala de lliurament de Premis del Concurs de Curtmetratges, que organitzen per set\u00e9 any consecutiu i que t\u00e9 un car\u00e0cter solidari, ja que els diners recaptats amb les entrades s\u00f3n en benefici de l&#8217;Associaci\u00f3 Projecte Autisme ASPAU. La sala d\u2019actes de l&#8217;Ajuntament va acollir [&hellip;]<\/p>\n","protected":false},"author":9,"featured_media":10326,"comment_status":"closed","ping_status":"open","sticky":false,"template":"","format":"standard","meta":{"_acf_changed":false,"footnotes":""},"categories":[126,127,116],"tags":[],"class_list":["post-10324","post","type-post","status-publish","format-standard","has-post-thumbnail","hentry","category-cultura-es-2","category-noticias-2","category-noticies"],"acf":[],"_links":{"self":[{"href":"https:\/\/infotorrent.es\/ca\/wp-json\/wp\/v2\/posts\/10324","targetHints":{"allow":["GET"]}}],"collection":[{"href":"https:\/\/infotorrent.es\/ca\/wp-json\/wp\/v2\/posts"}],"about":[{"href":"https:\/\/infotorrent.es\/ca\/wp-json\/wp\/v2\/types\/post"}],"author":[{"embeddable":true,"href":"https:\/\/infotorrent.es\/ca\/wp-json\/wp\/v2\/users\/9"}],"replies":[{"embeddable":true,"href":"https:\/\/infotorrent.es\/ca\/wp-json\/wp\/v2\/comments?post=10324"}],"version-history":[{"count":0,"href":"https:\/\/infotorrent.es\/ca\/wp-json\/wp\/v2\/posts\/10324\/revisions"}],"wp:featuredmedia":[{"embeddable":true,"href":"https:\/\/infotorrent.es\/ca\/wp-json\/wp\/v2\/media\/10326"}],"wp:attachment":[{"href":"https:\/\/infotorrent.es\/ca\/wp-json\/wp\/v2\/media?parent=10324"}],"wp:term":[{"taxonomy":"category","embeddable":true,"href":"https:\/\/infotorrent.es\/ca\/wp-json\/wp\/v2\/categories?post=10324"},{"taxonomy":"post_tag","embeddable":true,"href":"https:\/\/infotorrent.es\/ca\/wp-json\/wp\/v2\/tags?post=10324"}],"curies":[{"name":"wp","href":"https:\/\/api.w.org\/{rel}","templated":true}]}}