{"id":10319,"date":"2018-11-02T13:13:37","date_gmt":"2018-11-02T13:13:37","guid":{"rendered":"https:\/\/infotorrent.es\/uncategorized\/la-rebaixa-de-la-contribucio-i-les-plusvalues-suposaran-una-reduccio-de-mes-de-700-000-e-en-la-carrega-impositiva-sobre-els-veins-de-torrent\/"},"modified":"2018-11-02T13:17:53","modified_gmt":"2018-11-02T13:17:53","slug":"la-rebaixa-de-la-contribucio-i-les-plusvalues-suposaran-una-reduccio-de-mes-de-700-000-e-en-la-carrega-impositiva-sobre-els-veins-de-torrent","status":"publish","type":"post","link":"https:\/\/infotorrent.es\/ca\/noticies\/la-rebaixa-de-la-contribucio-i-les-plusvalues-suposaran-una-reduccio-de-mes-de-700-000-e-en-la-carrega-impositiva-sobre-els-veins-de-torrent\/","title":{"rendered":"La rebaixa de la contribuci\u00f3 i les plusv\u00e0lues suposaran una reducci\u00f3 de m\u00e9s de 700.000 \u20ac en la c\u00e0rrega impositiva sobre els ve\u00efns de Torrent"},"content":{"rendered":"<p><strong>L&#8217;equip de govern proposa una modificaci\u00f3 de les ordenances municipals per a congelar taxes, impostos i preus p\u00fablics en 2019<\/strong><\/p>\n<p style=\"text-align: justify;\">L&#8217;Ajuntament de Torrent congelar\u00e0 taxes, impostos i preus p\u00fablics en 2019. Aix\u00ed ho ha anunciat el regidor de Recursos i Modernitzaci\u00f3, Andr\u00e9s Campos, que ha detallat les propostes de l&#8217;equip de govern per a fer canvis en ordenances municipals que, en alguns casos inclouen rebaixes o millores de bonificacions, que se sumen a la rebaixa ja anunciada en un 3% lineal de tots els rebuts de l&#8217;IBI. En total, els canvis proposats <strong>\u201csuposen rebaixar en al voltant de 800.000 \u20ac la c\u00e0rrega impositiva sobre els ve\u00efns i les ve\u00efnes de Torrent, un senyal d&#8217;identitat del govern de la ciutat des de 2015\u201d<\/strong>.<\/p>\n<p style=\"text-align: justify;\">D&#8217;una banda, es proposen modificacions en l&#8217;ordenan\u00e7a que regula les plusv\u00e0lues, per a incrementar en 10 punts el percentatge de bonificaci\u00f3 en els sup\u00f2sits de transmissions <em>mortis causa<\/em> en cadascun dels trams establits en funci\u00f3 del valor cadastral del s\u00f2l.<\/p>\n<p style=\"text-align: justify;\">L&#8217;equip de govern proposa tamb\u00e9 la modificaci\u00f3 dels preus p\u00fablics de l&#8217;aparcament Juan Carlos I amb la finalitat d&#8217;introduir una nova tarifa relativa a abonaments peri\u00f2dics per a vehicles de dos rodes, pel menor espai que ocupen. Aix\u00ed, els preus per a les motocicletes seran al voltant de la meitat respecte als vehicles de quatre rodes.<\/p>\n<p style=\"text-align: justify;\">Entre les propostes es troba tamb\u00e9 la relativa al preu p\u00fablic per a la prestaci\u00f3 del servei d&#8217;ajuda domicili\u00e0ria per a adaptar el percentatge de subvenci\u00f3 municipal al Salari M\u00ednim Interprofessional (SMI) establit per a 2018 per a totes les unitats familiars amb independ\u00e8ncia del nombre de membres. Es proposa tamb\u00e9 incloure una cl\u00e0usula per la qual el m\u00f2dul s&#8217;actualitzaria autom\u00e0ticament en cas de variaci\u00f3 del SMI, en cas que es fixara finalment l&#8217;SMI en 900 euros, segons l&#8217;anunciat pel govern de l&#8217;estat.<\/p>\n<p style=\"text-align: justify;\">Tamb\u00e9 es proposen canvis en la regulaci\u00f3 de l&#8217;impost sobre construccions, instal\u00b7lacions i obres (ICIO) amb la finalitat d&#8217;incloure als edificis en fase de catalogaci\u00f3 en la bonificaci\u00f3 prevista per a les obres realitzades en edificis catalogats.<\/p>\n<p style=\"text-align: justify;\">Les propostes de modificaci\u00f3 de les ordenances -que s&#8217;estima que suposaran una disminuci\u00f3 d&#8217;ingressos d&#8217;uns 100.000 euros- se sumen a la reducci\u00f3, sol\u00b7licitada per l&#8217;Ajuntament de Torrent al Ministeri d&#8217;Hisenda, del 3% del valor cadastral, la qual cosa suposar\u00e0 una rebaixa del mateix percentatge en tots els rebuts de l&#8217;IBI de l&#8217;any 2019. El fet de qu\u00e8 es tractar\u00e0 d&#8217;una baixada lineal far\u00e0 possible que la totalitat dels rebuts de contribuci\u00f3 emesos l&#8217;any vinent es beneficien de la reducci\u00f3. La baixada de les contribucions suposar\u00e0 un estalvi de m\u00e9s de 700.000 \u20ac per als torrentins i les torrentines en el pagament dels seus rebuts.<\/p>\n","protected":false},"excerpt":{"rendered":"<p>L&#8217;equip de govern proposa una modificaci\u00f3 de les ordenances municipals per a congelar taxes, impostos i preus p\u00fablics en 2019 L&#8217;Ajuntament de Torrent congelar\u00e0 taxes, impostos i preus p\u00fablics en 2019. Aix\u00ed ho ha anunciat el regidor de Recursos i Modernitzaci\u00f3, Andr\u00e9s Campos, que ha detallat les propostes de l&#8217;equip de govern per a fer [&hellip;]<\/p>\n","protected":false},"author":9,"featured_media":1137,"comment_status":"closed","ping_status":"open","sticky":false,"template":"","format":"standard","meta":{"_acf_changed":false,"footnotes":""},"categories":[129,127,116],"tags":[],"class_list":["post-10319","post","type-post","status-publish","format-standard","has-post-thumbnail","hentry","category-economia-es-2","category-noticias-2","category-noticies"],"acf":[],"_links":{"self":[{"href":"https:\/\/infotorrent.es\/ca\/wp-json\/wp\/v2\/posts\/10319","targetHints":{"allow":["GET"]}}],"collection":[{"href":"https:\/\/infotorrent.es\/ca\/wp-json\/wp\/v2\/posts"}],"about":[{"href":"https:\/\/infotorrent.es\/ca\/wp-json\/wp\/v2\/types\/post"}],"author":[{"embeddable":true,"href":"https:\/\/infotorrent.es\/ca\/wp-json\/wp\/v2\/users\/9"}],"replies":[{"embeddable":true,"href":"https:\/\/infotorrent.es\/ca\/wp-json\/wp\/v2\/comments?post=10319"}],"version-history":[{"count":0,"href":"https:\/\/infotorrent.es\/ca\/wp-json\/wp\/v2\/posts\/10319\/revisions"}],"wp:featuredmedia":[{"embeddable":true,"href":"https:\/\/infotorrent.es\/ca\/wp-json\/wp\/v2\/media\/1137"}],"wp:attachment":[{"href":"https:\/\/infotorrent.es\/ca\/wp-json\/wp\/v2\/media?parent=10319"}],"wp:term":[{"taxonomy":"category","embeddable":true,"href":"https:\/\/infotorrent.es\/ca\/wp-json\/wp\/v2\/categories?post=10319"},{"taxonomy":"post_tag","embeddable":true,"href":"https:\/\/infotorrent.es\/ca\/wp-json\/wp\/v2\/tags?post=10319"}],"curies":[{"name":"wp","href":"https:\/\/api.w.org\/{rel}","templated":true}]}}