{"id":10283,"date":"2018-10-29T16:03:54","date_gmt":"2018-10-29T16:03:54","guid":{"rendered":"https:\/\/infotorrent.es\/uncategorized\/aset-torrent-celebra-li-concurs-de-paelles-empresarials\/"},"modified":"2018-10-29T16:03:54","modified_gmt":"2018-10-29T16:03:54","slug":"aset-torrent-celebra-li-concurs-de-paelles-empresarials","status":"publish","type":"post","link":"https:\/\/infotorrent.es\/ca\/economia-es-2\/aset-torrent-celebra-li-concurs-de-paelles-empresarials\/","title":{"rendered":"ASET Torrent celebra un concurs de paelles d&#8217;empresaris"},"content":{"rendered":"<p>L&#8217;Associaci\u00f3 Empresarial de Torrent (ASET) va celebrar durant el mat\u00ed de divendres el I Concurs de Paelles Empresarials, una iniciativa dirigida a empresaris i treballadors del Mas del Jutge, que va congregar 400 persones entre les quals hi havia l&#8217;alcalde, Jes\u00fas Ros, el regidor d&#8217;Economia, Andr\u00e9s Campos, i la regidora de Participaci\u00f3 Ciutadana, Susi Ferrer, a m\u00e9s d\u2019altres components de la corporaci\u00f3 municipal.<\/p>\n<p><img fetchpriority=\"high\" decoding=\"async\" class=\"aligncenter wp-image-19981\" src=\"https:\/\/www.infotorrent.es\/wp-content\/uploads\/2018\/10\/paellas1.jpg\" alt=\"\" width=\"750\" height=\"500\" \/><\/p>\n","protected":false},"excerpt":{"rendered":"<p>L&#8217;Associaci\u00f3 Empresarial de Torrent (ASET) va celebrar durant el mat\u00ed de divendres el I Concurs de Paelles Empresarials, una iniciativa dirigida a empresaris i treballadors del Mas del Jutge, que va congregar 400 persones entre les quals hi havia l&#8217;alcalde, Jes\u00fas Ros, el regidor d&#8217;Economia, Andr\u00e9s Campos, i la regidora de Participaci\u00f3 Ciutadana, Susi Ferrer, [&hellip;]<\/p>\n","protected":false},"author":5,"featured_media":10285,"comment_status":"closed","ping_status":"open","sticky":false,"template":"","format":"standard","meta":{"_acf_changed":false,"footnotes":""},"categories":[129,156],"tags":[],"class_list":["post-10283","post","type-post","status-publish","format-standard","has-post-thumbnail","hentry","category-economia-es-2","category-festes-i-tradicions-2"],"acf":[],"_links":{"self":[{"href":"https:\/\/infotorrent.es\/ca\/wp-json\/wp\/v2\/posts\/10283","targetHints":{"allow":["GET"]}}],"collection":[{"href":"https:\/\/infotorrent.es\/ca\/wp-json\/wp\/v2\/posts"}],"about":[{"href":"https:\/\/infotorrent.es\/ca\/wp-json\/wp\/v2\/types\/post"}],"author":[{"embeddable":true,"href":"https:\/\/infotorrent.es\/ca\/wp-json\/wp\/v2\/users\/5"}],"replies":[{"embeddable":true,"href":"https:\/\/infotorrent.es\/ca\/wp-json\/wp\/v2\/comments?post=10283"}],"version-history":[{"count":0,"href":"https:\/\/infotorrent.es\/ca\/wp-json\/wp\/v2\/posts\/10283\/revisions"}],"wp:featuredmedia":[{"embeddable":true,"href":"https:\/\/infotorrent.es\/ca\/wp-json\/wp\/v2\/media\/10285"}],"wp:attachment":[{"href":"https:\/\/infotorrent.es\/ca\/wp-json\/wp\/v2\/media?parent=10283"}],"wp:term":[{"taxonomy":"category","embeddable":true,"href":"https:\/\/infotorrent.es\/ca\/wp-json\/wp\/v2\/categories?post=10283"},{"taxonomy":"post_tag","embeddable":true,"href":"https:\/\/infotorrent.es\/ca\/wp-json\/wp\/v2\/tags?post=10283"}],"curies":[{"name":"wp","href":"https:\/\/api.w.org\/{rel}","templated":true}]}}