{"id":10281,"date":"2018-10-26T12:57:09","date_gmt":"2018-10-26T12:57:09","guid":{"rendered":"https:\/\/infotorrent.es\/uncategorized\/torrent-firma-un-convenio-de-colaboracion-con-solidaritat-torrent\/"},"modified":"2018-10-26T12:57:09","modified_gmt":"2018-10-26T12:57:09","slug":"torrent-firma-un-convenio-de-colaboracion-con-solidaritat-torrent","status":"publish","type":"post","link":"https:\/\/infotorrent.es\/ca\/noticies\/torrent-firma-un-convenio-de-colaboracion-con-solidaritat-torrent\/","title":{"rendered":"Torrent signa un conveni de col\u00b7laboraci\u00f3 amb Solidaritat Torrent"},"content":{"rendered":"<p style=\"text-align: justify;\">L&#8217;Ajuntament de Torrent, amb la finalitat de realitzar totes les accions possibles destinades a reduir les desigualtats socials, ha signat un conveni amb l\u2019associaci\u00f3 Solidaritat Torrent, la qual du a terme una acci\u00f3 desinteressada i solid\u00e0ria amb persones de diferents col\u00b7lectius del municipi que, per la seua situaci\u00f3 de necessitat personal, necessiten suport social. A m\u00e9s fa una labor important fomentant el voluntariat en la societat torrentina i la col\u00b7laboraci\u00f3 entre les diferents associacions i entitats del municipi.<\/p>\n<p style=\"text-align: justify;\">Amb este acord de col\u00b7laboraci\u00f3, el consistori donar\u00e0 suport de tota mena a l\u2019associaci\u00f3 i la far\u00e0 part\u00edcip d\u2019aquelles campanyes i iniciatives en qu\u00e8 puga ser \u00fatil la seua participaci\u00f3. De la mateixa manera, Solidaritat Torrent col\u00b7laborar\u00e0 en totes aquelles tasques en qu\u00e8 els serveis socials municipals necessiten la seua ajuda. El regidor d&#8217;Atenci\u00f3 a les Persones, Francesc Carbonell, ha volgut destacar la import\u00e0ncia del gran treball d\u2019este tipus d&#8217;associacions en el nostre municipi: &#8220;Hem de cuidar i ajudar les associacions que fan de la societat torrentina una societat m\u00e9s solid\u00e0ria i compromesa per a reduir les desigualtats&#8221;.<\/p>\n","protected":false},"excerpt":{"rendered":"<p>L&#8217;Ajuntament de Torrent, amb la finalitat de realitzar totes les accions possibles destinades a reduir les desigualtats socials, ha signat un conveni amb l\u2019associaci\u00f3 Solidaritat Torrent, la qual du a terme una acci\u00f3 desinteressada i solid\u00e0ria amb persones de diferents col\u00b7lectius del municipi que, per la seua situaci\u00f3 de necessitat personal, necessiten suport social. A [&hellip;]<\/p>\n","protected":false},"author":13,"featured_media":1137,"comment_status":"closed","ping_status":"open","sticky":false,"template":"","format":"standard","meta":{"_acf_changed":false,"footnotes":""},"categories":[122,116],"tags":[],"class_list":["post-10281","post","type-post","status-publish","format-standard","has-post-thumbnail","hentry","category-benestar-social","category-noticies"],"acf":[],"_links":{"self":[{"href":"https:\/\/infotorrent.es\/ca\/wp-json\/wp\/v2\/posts\/10281","targetHints":{"allow":["GET"]}}],"collection":[{"href":"https:\/\/infotorrent.es\/ca\/wp-json\/wp\/v2\/posts"}],"about":[{"href":"https:\/\/infotorrent.es\/ca\/wp-json\/wp\/v2\/types\/post"}],"author":[{"embeddable":true,"href":"https:\/\/infotorrent.es\/ca\/wp-json\/wp\/v2\/users\/13"}],"replies":[{"embeddable":true,"href":"https:\/\/infotorrent.es\/ca\/wp-json\/wp\/v2\/comments?post=10281"}],"version-history":[{"count":0,"href":"https:\/\/infotorrent.es\/ca\/wp-json\/wp\/v2\/posts\/10281\/revisions"}],"wp:featuredmedia":[{"embeddable":true,"href":"https:\/\/infotorrent.es\/ca\/wp-json\/wp\/v2\/media\/1137"}],"wp:attachment":[{"href":"https:\/\/infotorrent.es\/ca\/wp-json\/wp\/v2\/media?parent=10281"}],"wp:term":[{"taxonomy":"category","embeddable":true,"href":"https:\/\/infotorrent.es\/ca\/wp-json\/wp\/v2\/categories?post=10281"},{"taxonomy":"post_tag","embeddable":true,"href":"https:\/\/infotorrent.es\/ca\/wp-json\/wp\/v2\/tags?post=10281"}],"curies":[{"name":"wp","href":"https:\/\/api.w.org\/{rel}","templated":true}]}}