{"id":10252,"date":"2018-10-19T13:13:36","date_gmt":"2018-10-19T13:13:36","guid":{"rendered":"https:\/\/infotorrent.es\/uncategorized\/les-falleres-majors-de-torrent-viuran-moments-magics-en-les-exaltacions-deste-cap-de-setmana\/"},"modified":"2018-10-19T13:08:32","modified_gmt":"2018-10-19T13:08:32","slug":"les-falleres-majors-de-torrent-viuran-moments-magics-en-les-exaltacions-deste-cap-de-setmana","status":"publish","type":"post","link":"https:\/\/infotorrent.es\/ca\/noticies\/les-falleres-majors-de-torrent-viuran-moments-magics-en-les-exaltacions-deste-cap-de-setmana\/","title":{"rendered":"Les falleres majors de Torrent viuran moments m\u00e0gics en les exaltacions d\u2019este cap de setmana"},"content":{"rendered":"<p><strong>Carmen i Leyre, acompanyades de les seues corts d\u2019honor, rebran la banda i la joia que les acredita com a m\u00e0ximes representants de les festes josefines de l\u2019any 2019 <\/strong><\/p>\n<p style=\"text-align: justify;\">L\u2019Auditori s\u2019engalana este cap de setmana per a celebrar les exaltacions de les falleres majors de Torrent 2019. Carmen Raga i Ort\u00ed, fallera major, i Leyre Gallego i Ruiz, fallera major infantil, viuran un somni fet realitat amb este acte, en el qual rebran la joia i la banda que les acredita com a m\u00e0ximes representants de les festes josefines, i \u00a0que \u00e9s el tret d\u2019eixida d\u2019un any carregat d\u2019emocions, il\u00b7lusi\u00f3 i bons moments, que quedaran per a sempre en el seu record.<\/p>\n<p style=\"text-align: justify;\">Els fallers i falleres es reuniran dissabte a la vesprada en l\u2019exaltaci\u00f3 de Carmen que, acompanyada de la seua cort d\u2019honor, desfilar\u00e0 davant de tots els presents en un acte molt emotiu que porta per t\u00edtol: <em>Raps\u00f2dia del foc, <\/em>i que estar\u00e0 carregat de moltes sorpreses. L\u2019exaltaci\u00f3 ser\u00e0 condu\u00efda pel presentador Carlos Jim\u00e9nez, a m\u00e9s de comptar amb la pres\u00e8ncia del mantenidor Alfred Costa, anterior regidor de Cultura, Activitas L\u00fadiques i Falles de l\u2019Ajuntament de Torrent.<\/p>\n<p style=\"text-align: justify;\">D\u2019altra banda, diumenge al mat\u00ed \u00e9s el torn perqu\u00e8 Leyre visca moments inoblidables amb una exaltaci\u00f3 titulada <em>Carpe Diem, princesita Leyre!<\/em> La protagonista estar\u00e0 acompanyada de les xiquetes que formen la cort d\u2019honor, i totes elles gaudiran de grans moments. L\u2019exaltaci\u00f3 ser\u00e0 presentada per Salva Ros i Gemma Ram\u00edrez, i la mantenidora \u00e9s Estefan\u00eda de Julio, exvicepresidenta de protocol de Junta Central Fallera.<\/p>\n<p style=\"text-align: justify;\">En acabar les dos exaltacions, les falleres majors rebran la visita dels representants del teixit fester, empresarial i social de la ciutat, que no volen perdre l\u2019ocasi\u00f3 per a felicitar Carmen i Leyre pel seu regnat. A m\u00e9s a m\u00e9s, la fallera major infantil de Val\u00e8ncia, Sara Larraz\u00e1bal Bernal, acudir\u00e0 a l\u2019exaltaci\u00f3 infantil per a acompanyar Leyre i desitjar-li el millor.<\/p>\n","protected":false},"excerpt":{"rendered":"<p>Carmen i Leyre, acompanyades de les seues corts d\u2019honor, rebran la banda i la joia que les acredita com a m\u00e0ximes representants de les festes josefines de l\u2019any 2019 L\u2019Auditori s\u2019engalana este cap de setmana per a celebrar les exaltacions de les falleres majors de Torrent 2019. Carmen Raga i Ort\u00ed, fallera major, i Leyre [&hellip;]<\/p>\n","protected":false},"author":9,"featured_media":1137,"comment_status":"closed","ping_status":"open","sticky":false,"template":"","format":"standard","meta":{"_acf_changed":false,"footnotes":""},"categories":[116],"tags":[],"class_list":["post-10252","post","type-post","status-publish","format-standard","has-post-thumbnail","hentry","category-noticies"],"acf":[],"_links":{"self":[{"href":"https:\/\/infotorrent.es\/ca\/wp-json\/wp\/v2\/posts\/10252","targetHints":{"allow":["GET"]}}],"collection":[{"href":"https:\/\/infotorrent.es\/ca\/wp-json\/wp\/v2\/posts"}],"about":[{"href":"https:\/\/infotorrent.es\/ca\/wp-json\/wp\/v2\/types\/post"}],"author":[{"embeddable":true,"href":"https:\/\/infotorrent.es\/ca\/wp-json\/wp\/v2\/users\/9"}],"replies":[{"embeddable":true,"href":"https:\/\/infotorrent.es\/ca\/wp-json\/wp\/v2\/comments?post=10252"}],"version-history":[{"count":0,"href":"https:\/\/infotorrent.es\/ca\/wp-json\/wp\/v2\/posts\/10252\/revisions"}],"wp:featuredmedia":[{"embeddable":true,"href":"https:\/\/infotorrent.es\/ca\/wp-json\/wp\/v2\/media\/1137"}],"wp:attachment":[{"href":"https:\/\/infotorrent.es\/ca\/wp-json\/wp\/v2\/media?parent=10252"}],"wp:term":[{"taxonomy":"category","embeddable":true,"href":"https:\/\/infotorrent.es\/ca\/wp-json\/wp\/v2\/categories?post=10252"},{"taxonomy":"post_tag","embeddable":true,"href":"https:\/\/infotorrent.es\/ca\/wp-json\/wp\/v2\/tags?post=10252"}],"curies":[{"name":"wp","href":"https:\/\/api.w.org\/{rel}","templated":true}]}}