{"id":10230,"date":"2018-10-16T12:57:30","date_gmt":"2018-10-16T12:57:30","guid":{"rendered":"https:\/\/infotorrent.es\/uncategorized\/la-torrentina-amparo-carratala-guanyadora-del-hairdresser-of-the-year-2018\/"},"modified":"2018-10-16T12:56:31","modified_gmt":"2018-10-16T12:56:31","slug":"la-torrentina-amparo-carratala-guanyadora-del-hairdresser-of-the-year-2018","status":"publish","type":"post","link":"https:\/\/infotorrent.es\/ca\/noticies\/la-torrentina-amparo-carratala-guanyadora-del-hairdresser-of-the-year-2018\/","title":{"rendered":"La torrentina Amparo Carratal\u00e1, guanyadora del Hairdresser of the Year 2018"},"content":{"rendered":"<p>La torrentina Amparo Carratal\u00e1 no cessa d&#8217;aconseguir reconeixements i premis a tot el m\u00f3n. En aquesta ocasi\u00f3, ha sigut guardonada amb el Hairdresser of the year 2018 en el Mainstage de TONI&amp;GUY, celebrat anit a Londres. Mainstage \u00e9s un esdeveniment internacional que reuneix a m\u00e9s de 5.000 perruquers TONI&amp;GUY de tot el m\u00f3n per a presentar les noves tend\u00e8ncies per a aquesta temporada, aix\u00ed com el Look Book de l&#8217;any. En ell s&#8217;arrepleguen les millors col\u00b7leccions presentades pels estilistes de la companyia, de les quals s&#8217;arrepleguen dues col\u00b7leccions d&#8217;avantguarda d&#8217;Amparo: Behind y Ordark.<\/p>\n<p><strong>\u201cEm sent molt contenta que el meu treball es veja reconegut en l&#8217;empresa. Sobretot, perqu\u00e8 \u00e9s el lloc on em sent com a casa des de fa ja 9 anys. Per\u00f2 tamb\u00e9 perqu\u00e8 ho he rebut en una nit tan especial com la d&#8217;ahir, durant el tribut realitzat per la companyia al nostre fundador, Toni Mascolo\u201d<\/strong>, ha destacat Carratal\u00e1.<\/p>\n<p>Aquest 2018 torna a ser un gran any per a Amparo, perqu\u00e8 \u00e9s finalista en la categoria Hairdresser of the Year en els TCT Awardsy, ha sigut finalista en els Premis F\u00edgaro, en la categoria Perruquer Espa\u00f1ol de l&#8217;Any. A m\u00e9s, ha sigut reconeguda com Art Director de l&#8217;equip internacional de TONI&amp;GUY, i acaba d&#8217;emprendre una nova etapa incorporant-se al primer sal\u00f3 TONI&amp;GUY a Madrid, sense oblidar la seua faceta formativa en l&#8217;acad\u00e8mia de Val\u00e8ncia.<\/p>\n<p>Amb sol 31 anys, Amparo ja ha aconseguit ser reconeguda amb prestigiosos premis: en 2012 va ser Perruquera Revelaci\u00f3 en Premis F\u00edgaro, en 2013 va aconseguir el Book of the Year de Toni&amp;Guy, i en 2015 va guanyar el 2n Premi Shu Uemura, va ser nominada com Best Emergent Talent en el Sal\u00f3 MTC Beaut\u00e9 de Par\u00eds i, com a guinda, va aconseguir el Premi F\u00edgaro en la categoria Avantguarda. Aqueix mateix any tamb\u00e9 va ser finalista en els AIPP International Awards, premi que va aconseguir en 2017 en la categoria Avantgarde.<\/p>\n","protected":false},"excerpt":{"rendered":"<p>La torrentina Amparo Carratal\u00e1 no cessa d&#8217;aconseguir reconeixements i premis a tot el m\u00f3n. En aquesta ocasi\u00f3, ha sigut guardonada amb el Hairdresser of the year 2018 en el Mainstage de TONI&amp;GUY, celebrat anit a Londres. Mainstage \u00e9s un esdeveniment internacional que reuneix a m\u00e9s de 5.000 perruquers TONI&amp;GUY de tot el m\u00f3n per a [&hellip;]<\/p>\n","protected":false},"author":13,"featured_media":1137,"comment_status":"closed","ping_status":"open","sticky":false,"template":"","format":"standard","meta":{"_acf_changed":false,"footnotes":""},"categories":[126,116],"tags":[],"class_list":["post-10230","post","type-post","status-publish","format-standard","has-post-thumbnail","hentry","category-cultura-es-2","category-noticies"],"acf":[],"_links":{"self":[{"href":"https:\/\/infotorrent.es\/ca\/wp-json\/wp\/v2\/posts\/10230","targetHints":{"allow":["GET"]}}],"collection":[{"href":"https:\/\/infotorrent.es\/ca\/wp-json\/wp\/v2\/posts"}],"about":[{"href":"https:\/\/infotorrent.es\/ca\/wp-json\/wp\/v2\/types\/post"}],"author":[{"embeddable":true,"href":"https:\/\/infotorrent.es\/ca\/wp-json\/wp\/v2\/users\/13"}],"replies":[{"embeddable":true,"href":"https:\/\/infotorrent.es\/ca\/wp-json\/wp\/v2\/comments?post=10230"}],"version-history":[{"count":0,"href":"https:\/\/infotorrent.es\/ca\/wp-json\/wp\/v2\/posts\/10230\/revisions"}],"wp:featuredmedia":[{"embeddable":true,"href":"https:\/\/infotorrent.es\/ca\/wp-json\/wp\/v2\/media\/1137"}],"wp:attachment":[{"href":"https:\/\/infotorrent.es\/ca\/wp-json\/wp\/v2\/media?parent=10230"}],"wp:term":[{"taxonomy":"category","embeddable":true,"href":"https:\/\/infotorrent.es\/ca\/wp-json\/wp\/v2\/categories?post=10230"},{"taxonomy":"post_tag","embeddable":true,"href":"https:\/\/infotorrent.es\/ca\/wp-json\/wp\/v2\/tags?post=10230"}],"curies":[{"name":"wp","href":"https:\/\/api.w.org\/{rel}","templated":true}]}}