{"id":10196,"date":"2018-10-04T13:53:07","date_gmt":"2018-10-04T13:53:07","guid":{"rendered":"https:\/\/infotorrent.es\/uncategorized\/presentaciones-literarias-con-estilos-muy-variados-en-la-fira-del-llibre-de-torrent\/"},"modified":"2018-10-04T13:53:07","modified_gmt":"2018-10-04T13:53:07","slug":"presentaciones-literarias-con-estilos-muy-variados-en-la-fira-del-llibre-de-torrent","status":"publish","type":"post","link":"https:\/\/infotorrent.es\/ca\/noticies\/presentaciones-literarias-con-estilos-muy-variados-en-la-fira-del-llibre-de-torrent\/","title":{"rendered":"Presentacions liter\u00e0ries amb estils molt diversos en la Fira del Llibre de Torrent"},"content":{"rendered":"<p style=\"text-align: justify;\"><strong>Hui la programaci\u00f3 continua amb l\u2019adaptaci\u00f3 teatral <em>L\u2019aviador i el princepet<\/em>, dirigit al p\u00fablic infantil<\/strong><\/p>\n<p style=\"text-align: justify;\">La programaci\u00f3 de la Fira del Llibre de Torrent no para ni un sol moment amb presentacions de llibres, activitats infantils i molt m\u00e9s. Ahir a la vesprada va tindre lloc la presentaci\u00f3 el llibre <em>12 caminos para volver a ti<\/em> de Patricia Berzosa i M\u00f3nica Fern\u00e1ndez, un llibre de creixement personal que naix del programa de r\u00e0dio Caminant per la vida, que presenten les dos autores. Patricia i M\u00f3nica van explicar cada cam\u00ed que relaten en el llibre: l&#8217;autoconeixement, l\u2019autosabotatge, l&#8217;autoestima, la parella, la nutrici\u00f3 intel\u00b7ligent, l&#8217;art de comunicar, el <em>mindfulness (<\/em>l\u2019atenci\u00f3 plena), el talent, l\u2019empatia, la sexualitat conscient, el perd\u00f3 i la felicitat<\/p>\n<p style=\"text-align: justify;\">Despr\u00e9s d\u2019esta presentaci\u00f3 interessant, va ser el torn perqu\u00e8 els torrentins i torrentines conegueren de primera m\u00e0 l&#8217;obra<em> Los amantes perif\u00e9ricos<\/em> de Jaime L\u00f3pez Fern\u00e1ndez, una col\u00b7lecci\u00f3 de textos on es \u201cdefineixen els amants com a desordre i obsessi\u00f3,\u00a0 caracter\u00edstiques contingudes en la seua geometria existencial en forma de bucle\u201d.<\/p>\n<p style=\"text-align: justify;\">El p\u00fablic infantil tamb\u00e9 va tindre el seu espai amb la lectura del llibre <em>Torrent, un poble ple de contes<\/em>, un llibre que recull 18 textos col\u00b7lectius: cinc d\u2019educaci\u00f3 infantil, 14 del primer cicle d\u2019educaci\u00f3 prim\u00e0ria i un d\u2019educaci\u00f3 especial. Tamb\u00e9, 98 textos individuals: 14 del primer cicle, 31 del segon i 29 del tercer cicle de prim\u00e0ria; 22 de secund\u00e0ria, 1 de cicles formatius i 1 de batxillerat.<\/p>\n<p style=\"text-align: justify;\">Bicillibres<\/p>\n<p style=\"text-align: justify;\">I per acabar la vesprada liter\u00e0ria, el Col\u00b7lectiu Soterranya va ser l\u2019encarregat de dur a terme la fant\u00e0stica activitat de bicillibres, una iniciativa que va repartir 100 llibres per diferents espais de Torrent: portes, bancs, finestres, i molts racons m\u00e9s, perqu\u00e8 la gent puga llegir-los. D&#8217;esta manera, els llibres poden ser utilitzats i retornats perqu\u00e8 una altra persona els puga llegir.<\/p>\n<p style=\"text-align: justify;\"><a href=\"https:\/\/www.infotorrent.es\/wp-content\/uploads\/2018\/10\/Bicillibres.jpg\"><img fetchpriority=\"high\" decoding=\"async\" class=\" wp-image-19084 aligncenter\" src=\"https:\/\/www.infotorrent.es\/wp-content\/uploads\/2018\/10\/Bicillibres.jpg\" alt=\"\" width=\"412\" height=\"550\" \/><\/a><\/p>\n<p style=\"text-align: justify;\">Les activitats continuen en la Fira del Llibre esta vesprada amb l\u2019obra de teatre <em>L\u2019aviador i el princepet<\/em>, a les 17.30 h. Seguidament, a les 18.30 h, tindr\u00e0 lloc la presentaci\u00f3 del llibre <em>La funci\u00f3n perdida<\/em> de Mar\u00eda Garc\u00eda-Lliber\u00f3s. I a les 19.30 h, l\u2019associaci\u00f3 Torrent de Paraules ser\u00e0 l\u2019encarregada de dur a terme el recital i exposici\u00f3 \u201c2018, a\u00f1o de Lorca. Brindamos contigo\u201d, amb Juanjo P\u00e9rez.<\/p>\n<p>&nbsp;<\/p>\n<p style=\"text-align: justify;\">\n","protected":false},"excerpt":{"rendered":"<p>Hui la programaci\u00f3 continua amb l\u2019adaptaci\u00f3 teatral L\u2019aviador i el princepet, dirigit al p\u00fablic infantil La programaci\u00f3 de la Fira del Llibre de Torrent no para ni un sol moment amb presentacions de llibres, activitats infantils i molt m\u00e9s. Ahir a la vesprada va tindre lloc la presentaci\u00f3 el llibre 12 caminos para volver a [&hellip;]<\/p>\n","protected":false},"author":13,"featured_media":10198,"comment_status":"closed","ping_status":"open","sticky":false,"template":"","format":"standard","meta":{"_acf_changed":false,"footnotes":""},"categories":[126,116],"tags":[],"class_list":["post-10196","post","type-post","status-publish","format-standard","has-post-thumbnail","hentry","category-cultura-es-2","category-noticies"],"acf":[],"_links":{"self":[{"href":"https:\/\/infotorrent.es\/ca\/wp-json\/wp\/v2\/posts\/10196","targetHints":{"allow":["GET"]}}],"collection":[{"href":"https:\/\/infotorrent.es\/ca\/wp-json\/wp\/v2\/posts"}],"about":[{"href":"https:\/\/infotorrent.es\/ca\/wp-json\/wp\/v2\/types\/post"}],"author":[{"embeddable":true,"href":"https:\/\/infotorrent.es\/ca\/wp-json\/wp\/v2\/users\/13"}],"replies":[{"embeddable":true,"href":"https:\/\/infotorrent.es\/ca\/wp-json\/wp\/v2\/comments?post=10196"}],"version-history":[{"count":0,"href":"https:\/\/infotorrent.es\/ca\/wp-json\/wp\/v2\/posts\/10196\/revisions"}],"wp:featuredmedia":[{"embeddable":true,"href":"https:\/\/infotorrent.es\/ca\/wp-json\/wp\/v2\/media\/10198"}],"wp:attachment":[{"href":"https:\/\/infotorrent.es\/ca\/wp-json\/wp\/v2\/media?parent=10196"}],"wp:term":[{"taxonomy":"category","embeddable":true,"href":"https:\/\/infotorrent.es\/ca\/wp-json\/wp\/v2\/categories?post=10196"},{"taxonomy":"post_tag","embeddable":true,"href":"https:\/\/infotorrent.es\/ca\/wp-json\/wp\/v2\/tags?post=10196"}],"curies":[{"name":"wp","href":"https:\/\/api.w.org\/{rel}","templated":true}]}}