{"id":10162,"date":"2018-09-28T13:08:19","date_gmt":"2018-09-28T13:08:19","guid":{"rendered":"https:\/\/infotorrent.es\/uncategorized\/la-semana-de-la-agricultura-continua-con-charlas-sobre-oliveras\/"},"modified":"2018-09-28T13:08:19","modified_gmt":"2018-09-28T13:08:19","slug":"la-semana-de-la-agricultura-continua-con-charlas-sobre-oliveras","status":"publish","type":"post","link":"https:\/\/infotorrent.es\/ca\/noticies\/la-semana-de-la-agricultura-continua-con-charlas-sobre-oliveras\/","title":{"rendered":"La Setmana de l&#8217;Agricultura continua amb xarrades sobre oliveres"},"content":{"rendered":"<p><strong>El Centre Ambiental del Vedat celebrar\u00e0 dem\u00e0 el Mercat de la Terra, on els agricultors exposaran i vendran els seus productes<\/strong><\/p>\n<p>La Setmana de l&#8217;Agricultura de Torrent va arribar ahir al seu equador amb una confer\u00e8ncia sobre la <em>Xylella fastidiosa<\/em>, una xarrada informativa sobre aquest bacteri que afecta a diferents esp\u00e8cies d&#8217;arbres i plantes, a c\u00e0rrec de Silvia Barb\u00e9, del Laboratori de Bacteriologia del Centre de Protecci\u00f3 Vegetal i Biotecnologia de l\u2019Institut Valenci\u00e0 de Recerques Agr\u00e0ries. El Museu Comarcal de l&#8217;Horta Sud, escenari d&#8217;aquesta setmana, va reunir aquesta interessant vetlada patrocinada per Caixa Rural Torrent i, tamb\u00e9, acollir\u00e0 aquesta vesprada la confer\u00e8ncia Un passeig per els oliveres, que realitzar\u00e0 un rep\u00e0s a la poblaci\u00f3 d&#8217;oliveres de Torrent i els molins que s&#8217;empraven per a produir oli. Per a acabar la cita es realitzar\u00e0 un tast d&#8217;oli.<\/p>\n<p>Durant el mat\u00ed del dissabte, el Centre Ambiental del Vedat acollir\u00e0 el Mercat de la Terra, on els agricultors posaran a la venda del p\u00fablic els seus productes. Al mateix temps, els xiquets i xiquetes gaudiran del taller: Planta la teua carlota, una activitat emmarcada en la Setmana de l&#8217;Agricultura, en la qual aprendran com plantar aquesta verdura. Per\u00f2 no ser\u00e0 l&#8217;\u00fanica activitat per al p\u00fablic infantil, ja que a la vesprada es representar\u00e0 \u201cTitirilandia es congela\u201d, una obra teatral de m\u00e0gia, boscos encantats i molts secrets. En la pla\u00e7a Uni\u00f3 Musical a les 20 h.<\/p>\n<p>El punt final de la setmana ho posar\u00e0 el Ball de Torrent. De la m\u00e0 del Grup de Ball l\u2019\u00da i Dos del Llar Antoni\u00e0 es representar\u00e0 aquesta antiga coreografia, amb la cr\u00edtica i la s\u00e0tira pr\u00f2pia de les nostres tradicions, i que no s&#8217;ha realitzat a Torrent des de l&#8217;any 2000.<\/p>\n","protected":false},"excerpt":{"rendered":"<p>El Centre Ambiental del Vedat celebrar\u00e0 dem\u00e0 el Mercat de la Terra, on els agricultors exposaran i vendran els seus productes La Setmana de l&#8217;Agricultura de Torrent va arribar ahir al seu equador amb una confer\u00e8ncia sobre la Xylella fastidiosa, una xarrada informativa sobre aquest bacteri que afecta a diferents esp\u00e8cies d&#8217;arbres i plantes, a [&hellip;]<\/p>\n","protected":false},"author":13,"featured_media":1137,"comment_status":"closed","ping_status":"open","sticky":false,"template":"","format":"standard","meta":{"_acf_changed":false,"footnotes":""},"categories":[119,116],"tags":[],"class_list":["post-10162","post","type-post","status-publish","format-standard","has-post-thumbnail","hentry","category-medi-ambient","category-noticies"],"acf":[],"_links":{"self":[{"href":"https:\/\/infotorrent.es\/ca\/wp-json\/wp\/v2\/posts\/10162","targetHints":{"allow":["GET"]}}],"collection":[{"href":"https:\/\/infotorrent.es\/ca\/wp-json\/wp\/v2\/posts"}],"about":[{"href":"https:\/\/infotorrent.es\/ca\/wp-json\/wp\/v2\/types\/post"}],"author":[{"embeddable":true,"href":"https:\/\/infotorrent.es\/ca\/wp-json\/wp\/v2\/users\/13"}],"replies":[{"embeddable":true,"href":"https:\/\/infotorrent.es\/ca\/wp-json\/wp\/v2\/comments?post=10162"}],"version-history":[{"count":0,"href":"https:\/\/infotorrent.es\/ca\/wp-json\/wp\/v2\/posts\/10162\/revisions"}],"wp:featuredmedia":[{"embeddable":true,"href":"https:\/\/infotorrent.es\/ca\/wp-json\/wp\/v2\/media\/1137"}],"wp:attachment":[{"href":"https:\/\/infotorrent.es\/ca\/wp-json\/wp\/v2\/media?parent=10162"}],"wp:term":[{"taxonomy":"category","embeddable":true,"href":"https:\/\/infotorrent.es\/ca\/wp-json\/wp\/v2\/categories?post=10162"},{"taxonomy":"post_tag","embeddable":true,"href":"https:\/\/infotorrent.es\/ca\/wp-json\/wp\/v2\/tags?post=10162"}],"curies":[{"name":"wp","href":"https:\/\/api.w.org\/{rel}","templated":true}]}}