{"id":10161,"date":"2018-09-28T12:59:12","date_gmt":"2018-09-28T12:59:12","guid":{"rendered":"https:\/\/infotorrent.es\/uncategorized\/los-primeros-participantes-de-iniciactivat-empiezan-sus-practicas-en-empresas\/"},"modified":"2018-09-28T12:59:12","modified_gmt":"2018-09-28T12:59:12","slug":"los-primeros-participantes-de-iniciactivat-empiezan-sus-practicas-en-empresas","status":"publish","type":"post","link":"https:\/\/infotorrent.es\/ca\/noticies\/los-primeros-participantes-de-iniciactivat-empiezan-sus-practicas-en-empresas\/","title":{"rendered":"Els primers participants de Iniciactiva\u2019t comencen les seues pr\u00e0ctiques en empreses"},"content":{"rendered":"<p style=\"text-align: justify;\"><strong>Els estudiants dels itineraris formatius d&#8217;Idea\u2019t realitzaran 200 hores en empreses de Torrent<\/strong><\/p>\n<p style=\"text-align: justify;\">Els primers participants en els itineraris formatius Iniciactiva\u2019t 1, desenvolupat per l&#8217;Ajuntament de Torrent a trav\u00e9s de l&#8217;empresa municipal Idea\u2019t, acaben d&#8217;iniciar la fase de pr\u00e0ctiques en empreses. S\u00f3n m\u00e9s de 30 els joves entre 16 i 30 anys que han comen\u00e7at aquesta fase dels curse de neteja vi\u00e0ria i superf\u00edcies industrials, en empreses de Torrent com a FCC, Comercial Visa o Integra Val\u00e8ncia CEE; aix\u00ed com dels cursos de disseny web i neteja d&#8217;edificis. Els alumnes d&#8217;aquests itineraris formatius, projectes cofinan\u00e7ats amb el Fons Social Europeu, fan pr\u00e0ctiques tamb\u00e9 en empreses de neteja de col\u00b7legis i en hospitals, tutoritzats per les i els t\u00e8cnics orientadors responsables de cadascun dels itineraris, que realitzen un seguiment proper de cadascun dels participants.<\/p>\n<p style=\"text-align: justify;\">Els estudiants realitzaran 200 hores de pr\u00e0ctiques remunerades amb l&#8217;objectiu de consolidar el seu aprenentatge en un entorn\u00a0 laboral real. \u201cEn els per\u00edodes de pr\u00e0ctiques els alumnes aprenen a m\u00e9s a complir horaris, a responsabilitzar-se de les seues tasques i a desembolicar-se en un lloc de treball\u201d, ha assenyalat el regidor de Recursos Econ\u00f2mics, Andr\u00e9s Campos. Des de les empreses destaquen l&#8217;oportunitat que per a aquests joves suposa aquest primer contacte amb el m\u00f3n laboral.<\/p>\n<p style=\"text-align: justify;\">El Projecte Europeu Iniciactiva\u2019t, cofinan\u00e7at amb el Fondo Social Europeu, t\u00e9 per objecte formar als joves entre 16 a 30 anys, dotant-los d&#8217;una qualificaci\u00f3 professional. En aquest cas, els estudiants obtenen t\u00edtols de Certificat de Professionalitat en diferents sectors laborals amb demanda per a aconseguir la seua inserci\u00f3 en l&#8217;actual mercat laboral.<\/p>\n<p style=\"text-align: justify;\">D&#8217;altra banda, com a part de la formaci\u00f3 te\u00f2ric pr\u00e0ctica del seu certificat de professionalitat, els alumnes de l&#8217;itinerari de Restaurant Bar van ser els encarregats de servir l&#8217;\u00e0gape en la inauguraci\u00f3 d&#8217;una exposici\u00f3 en el marc de la Setmana de la l\u2019Agricultura. Pr\u00f2ximament, com la resta de les seues companyes i companys, iniciaran tamb\u00e9 els seus per\u00edodes de pr\u00e0ctiques.<\/p>\n<p style=\"text-align: justify;\">\n","protected":false},"excerpt":{"rendered":"<p>Els estudiants dels itineraris formatius d&#8217;Idea\u2019t realitzaran 200 hores en empreses de Torrent Els primers participants en els itineraris formatius Iniciactiva\u2019t 1, desenvolupat per l&#8217;Ajuntament de Torrent a trav\u00e9s de l&#8217;empresa municipal Idea\u2019t, acaben d&#8217;iniciar la fase de pr\u00e0ctiques en empreses. S\u00f3n m\u00e9s de 30 els joves entre 16 i 30 anys que han comen\u00e7at [&hellip;]<\/p>\n","protected":false},"author":13,"featured_media":1137,"comment_status":"closed","ping_status":"open","sticky":false,"template":"","format":"standard","meta":{"_acf_changed":false,"footnotes":""},"categories":[129,116],"tags":[],"class_list":["post-10161","post","type-post","status-publish","format-standard","has-post-thumbnail","hentry","category-economia-es-2","category-noticies"],"acf":[],"_links":{"self":[{"href":"https:\/\/infotorrent.es\/ca\/wp-json\/wp\/v2\/posts\/10161","targetHints":{"allow":["GET"]}}],"collection":[{"href":"https:\/\/infotorrent.es\/ca\/wp-json\/wp\/v2\/posts"}],"about":[{"href":"https:\/\/infotorrent.es\/ca\/wp-json\/wp\/v2\/types\/post"}],"author":[{"embeddable":true,"href":"https:\/\/infotorrent.es\/ca\/wp-json\/wp\/v2\/users\/13"}],"replies":[{"embeddable":true,"href":"https:\/\/infotorrent.es\/ca\/wp-json\/wp\/v2\/comments?post=10161"}],"version-history":[{"count":0,"href":"https:\/\/infotorrent.es\/ca\/wp-json\/wp\/v2\/posts\/10161\/revisions"}],"wp:featuredmedia":[{"embeddable":true,"href":"https:\/\/infotorrent.es\/ca\/wp-json\/wp\/v2\/media\/1137"}],"wp:attachment":[{"href":"https:\/\/infotorrent.es\/ca\/wp-json\/wp\/v2\/media?parent=10161"}],"wp:term":[{"taxonomy":"category","embeddable":true,"href":"https:\/\/infotorrent.es\/ca\/wp-json\/wp\/v2\/categories?post=10161"},{"taxonomy":"post_tag","embeddable":true,"href":"https:\/\/infotorrent.es\/ca\/wp-json\/wp\/v2\/tags?post=10161"}],"curies":[{"name":"wp","href":"https:\/\/api.w.org\/{rel}","templated":true}]}}