{"id":10150,"date":"2018-09-26T13:56:00","date_gmt":"2018-09-26T13:56:00","guid":{"rendered":"https:\/\/infotorrent.es\/uncategorized\/torrent-inicia-la-setmana-de-lagricultura\/"},"modified":"2018-09-26T14:01:22","modified_gmt":"2018-09-26T14:01:22","slug":"torrent-inicia-la-setmana-de-lagricultura","status":"publish","type":"post","link":"https:\/\/infotorrent.es\/ca\/noticies\/torrent-inicia-la-setmana-de-lagricultura\/","title":{"rendered":"Comen\u00e7a la Setmana de l\u2019AgriCultura a Torrent"},"content":{"rendered":"<p><strong>El simbolisme de les olives ser\u00e0 el protagonista a trav\u00e9s d\u2019exposicions, xarrades i la recuperaci\u00f3 d\u2019una gran varietat de receptes de preparaci\u00f3<\/strong><\/p>\n<p>Ahir a la vesprada el Museu Comarcal va acollir la inauguraci\u00f3 de la tercera edici\u00f3 de la Setmana de l&#8217;Agricultura sota el lema \u201cD\u2019oli i oliveres\u201d. Uns dies per a reflexionar sobre el sector agr\u00edcola, la producci\u00f3 de l&#8217;horta i, especialment, sobre el cultiu, la producci\u00f3 i el tractament de l&#8217;olivera i els seus derivats.<\/p>\n<p>Ahir a la vesprada el Museu Comarcal va acollir la inauguraci\u00f3 de la tercera edici\u00f3 de la Setmana de l\u2019AgriCultura amb el lema \u201cD\u2019oli i oliveres\u201d. Uns dies per a reflexionar sobre el sector agr\u00edcola, la producci\u00f3 de l\u2019horta i, especialment, sobre el cultiu, la producci\u00f3 i el tractament de l\u2019olivera i els seus derivats.<br \/>\nDurant l\u2019acte d\u2019obertura, la regidora de Cultura, Susi Ferrer va destacar la <strong>\u201cimport\u00e0ncia de fer valdre el que \u00e9s nostre, el cultiu de la terra i les nostres arrels mitjan\u00e7ant la cultura a trav\u00e9s d\u2019una exposici\u00f3 did\u00e0ctica i interactiva\u201d<\/strong>. Per la seua part l\u2019alcalde, Jes\u00fas Ros, va subratllar la <strong>\u201cparticipaci\u00f3 i implicaci\u00f3 dels torrentins en esta setmana, uns dies amb una programaci\u00f3 molt intensa centrada en l\u2019oli i les olives\u201d<\/strong>. El president de Caixa Rural Torrent, Vicente Peir\u00f3, va prendre la paraula per a expressar l\u2019orgull que suposa per a l\u2019entitat <strong>\u201cparticipar en este tipus d\u2019iniciatives que reforcen el record de les arrels de la nostra ciutat i donen import\u00e0ncia a l\u2019esfor\u00e7 dels agricultors\u201d.<\/strong><\/p>\n<p><img fetchpriority=\"high\" decoding=\"async\" src=\"https:\/\/www.infotorrent.es\/wp-content\/uploads\/2018\/09\/agricultura-4.jpg\" alt=\"\" width=\"1920\" height=\"1280\" class=\"alignnone size-full wp-image-18586\" \/><\/p>\n<p>En esta setmana el simbolisme de les olives ser\u00e0 el protagonista a trav\u00e9s d\u2019exposicions \u2013ahir tamb\u00e9 es va presentar una mostra de pintura de l\u2019associaci\u00f3 Torrent d\u2019Art en l\u2019andana del Museu-, xarrades i la recuperaci\u00f3 d\u2019una gran varietat de receptes de preparaci\u00f3. A m\u00e9s, enguany com a novetat, s\u2019han repartit per diferents llocs de la ciutat sis peces gegants de verdures, fruites i hortalisses. Es tracta d\u2019una iniciativa original impulsada per Mercaval\u00e8ncia, l\u2019objectiu de la qual \u00e9s cridar l\u2019atenci\u00f3 dels ciutadans sobre la labor i problem\u00e0tiques dels xicotets agricultors de l\u2019horta valenciana. Amb esta aposta art\u00edstica, els torrentins i les torrentines poden participar-hi fent-se fotografies i compartint-les en les xarxes socials amb l\u2019etiqueta #HortAttackTorrent. L\u2019exposici\u00f3, que arriba amb una nova imatge creada per artistes valencians, entre els quals es troba l\u2019artista torrentina Julieta XLF i el seu equip, estar\u00e0 en el carrer fins al 30 de setembre.<\/p>\n<p><img decoding=\"async\" src=\"https:\/\/www.infotorrent.es\/wp-content\/uploads\/2018\/09\/IMG_1104.jpg\" alt=\"\" width=\"6000\" height=\"4000\" class=\"alignnone size-full wp-image-18589\" \/><\/p>\n<p>Esta vesprada a les 19.30 hores tindr\u00e0 lloc un taller sobre preparaci\u00f3 d\u2019olives, un dels aperitius m\u00e9s tradicionals de les nostres comarques. A la nit es projectar\u00e0 la pel\u00b7l\u00edcula El olivo, rodada a les comarques de Castell\u00f3, sobre la valoraci\u00f3 i la recuperaci\u00f3 del patrimoni natural. Dijous i divendres al mat\u00ed tamb\u00e9 hi haur\u00e0 tallers per als menuts.<br \/>\nTamb\u00e9 amb les oliveres com a eix tem\u00e0tic, el dijous 27 a les 19.30 hores tindr\u00e0 lloc una xarrada informativa sobre la Xylella fastidiosa, un bacteri que provoca la dessecaci\u00f3 i la mort de les plantes que va apar\u00e8ixer a Europa en 2013 i va provocar danys greus, especialment en oliveres, a Fran\u00e7a, It\u00e0lia i Espanya.<br \/>\nLa seg\u00fcent activitat, \u201cUna passejada per les oliveres\u201d, \u00e9s una xarrada programada per al 28 de setembre en el Museu Comarcal, que tractar\u00e0 sobre la poblaci\u00f3 d\u2019oliveres a la ciutat. Posteriorment est\u00e0 previst un tast d\u2019oli.<\/p>\n<p>El dissabte dia 29 de setembre se celebrar\u00e0 el Mercat de la Terra, una iniciativa on participen agricultors de la ciutat que presenten els seus productes al p\u00fablic perqu\u00e8 puguen comprar-los. A m\u00e9s es tractar\u00e0 el tema dels horts ecol\u00f2gics. Les activitats per a les xiquetes i xiquets es completen el dissabte dia 29 de setembre. La pla\u00e7a de la Uni\u00f3 Musical ser\u00e0 l\u2019escenari, des de les 20 hores, de l\u2019animaci\u00f3 infantil Titirilandia se congela.<\/p>\n<p>La III Setmana de l\u2019AgriCultura acabar\u00e0 amb el Ball de Torrent. El Grup de Ball l\u2019U i Dos de la Llar Antoniana representar\u00e0 esta coreografia antiga, amb la cr\u00edtica i la s\u00e0tira pr\u00f2pia de les nostres tradicions, i que no s\u2019ha ballat a Torrent des de l\u2019any 2000.<\/p>\n","protected":false},"excerpt":{"rendered":"<p>El simbolisme de les olives ser\u00e0 el protagonista a trav\u00e9s d\u2019exposicions, xarrades i la recuperaci\u00f3 d\u2019una gran varietat de receptes de preparaci\u00f3 Ahir a la vesprada el Museu Comarcal va acollir la inauguraci\u00f3 de la tercera edici\u00f3 de la Setmana de l&#8217;Agricultura sota el lema \u201cD\u2019oli i oliveres\u201d. Uns dies per a reflexionar sobre el [&hellip;]<\/p>\n","protected":false},"author":13,"featured_media":10152,"comment_status":"closed","ping_status":"open","sticky":false,"template":"","format":"standard","meta":{"_acf_changed":false,"footnotes":""},"categories":[117,126,116],"tags":[],"class_list":["post-10150","post","type-post","status-publish","format-standard","has-post-thumbnail","hentry","category-cultura","category-cultura-es-2","category-noticies"],"acf":[],"_links":{"self":[{"href":"https:\/\/infotorrent.es\/ca\/wp-json\/wp\/v2\/posts\/10150","targetHints":{"allow":["GET"]}}],"collection":[{"href":"https:\/\/infotorrent.es\/ca\/wp-json\/wp\/v2\/posts"}],"about":[{"href":"https:\/\/infotorrent.es\/ca\/wp-json\/wp\/v2\/types\/post"}],"author":[{"embeddable":true,"href":"https:\/\/infotorrent.es\/ca\/wp-json\/wp\/v2\/users\/13"}],"replies":[{"embeddable":true,"href":"https:\/\/infotorrent.es\/ca\/wp-json\/wp\/v2\/comments?post=10150"}],"version-history":[{"count":0,"href":"https:\/\/infotorrent.es\/ca\/wp-json\/wp\/v2\/posts\/10150\/revisions"}],"wp:featuredmedia":[{"embeddable":true,"href":"https:\/\/infotorrent.es\/ca\/wp-json\/wp\/v2\/media\/10152"}],"wp:attachment":[{"href":"https:\/\/infotorrent.es\/ca\/wp-json\/wp\/v2\/media?parent=10150"}],"wp:term":[{"taxonomy":"category","embeddable":true,"href":"https:\/\/infotorrent.es\/ca\/wp-json\/wp\/v2\/categories?post=10150"},{"taxonomy":"post_tag","embeddable":true,"href":"https:\/\/infotorrent.es\/ca\/wp-json\/wp\/v2\/tags?post=10150"}],"curies":[{"name":"wp","href":"https:\/\/api.w.org\/{rel}","templated":true}]}}