{"id":10128,"date":"2018-09-24T13:17:24","date_gmt":"2018-09-24T13:17:24","guid":{"rendered":"https:\/\/infotorrent.es\/uncategorized\/les-associacions-mostren-la-seua-labor-en-la-xvi-trobada-dassociacions-ciutadanes\/"},"modified":"2018-09-24T13:15:27","modified_gmt":"2018-09-24T13:15:27","slug":"les-associacions-mostren-la-seua-labor-en-la-xvi-trobada-dassociacions-ciutadanes","status":"publish","type":"post","link":"https:\/\/infotorrent.es\/ca\/noticies\/les-associacions-mostren-la-seua-labor-en-la-xvi-trobada-dassociacions-ciutadanes\/","title":{"rendered":"Les associacions mostren la seua labor en la XVI Trobada d\u2019Associacions Ciutadanes"},"content":{"rendered":"<p><strong>L\u2019acte organitzat per la FAC (Federaci\u00f3 d\u2019Associacions Ciutadanes) intenta mostrar la labor social que les associacions duen a terme durant l\u2019any<\/strong><\/p>\n<p>La pla\u00e7a de la Uni\u00f3 Musical va acollir dissabte la XVI Trobada d\u2019Associacions Ciutadanes. Les casetes informatives de cada associaci\u00f3 van omplir la pla\u00e7a on tamb\u00e9 hi hagueren exhibicions, tallers i una recollida solid\u00e0ria d\u2019aliments i de material escolar. L\u2019alcalde, Jes\u00fas Ros, acompanyat de la regidora de Participaci\u00f3 Ciutadana, Susi Ferrer, i un nodrit grup de la corporaci\u00f3 van voler estar amb les diferents associacions i agrair-los el gran treball per fer de Torrent una ciutat m\u00e9s amable i solid\u00e0ria dia a dia.<\/p>\n<p>Com a fi de festa, un sopar saludable sense alcohol tanc\u00e0 esta jornada tan important cada any per a l\u2019associacionisme de la ciutat.<\/p>\n<p><img fetchpriority=\"high\" decoding=\"async\" class=\"size-full wp-image-18456 aligncenter\" src=\"https:\/\/www.infotorrent.es\/wp-content\/uploads\/2018\/09\/fac2.jpg\" alt=\"\" width=\"777\" height=\"518\" \/><\/p>\n","protected":false},"excerpt":{"rendered":"<p>L\u2019acte organitzat per la FAC (Federaci\u00f3 d\u2019Associacions Ciutadanes) intenta mostrar la labor social que les associacions duen a terme durant l\u2019any La pla\u00e7a de la Uni\u00f3 Musical va acollir dissabte la XVI Trobada d\u2019Associacions Ciutadanes. Les casetes informatives de cada associaci\u00f3 van omplir la pla\u00e7a on tamb\u00e9 hi hagueren exhibicions, tallers i una recollida solid\u00e0ria [&hellip;]<\/p>\n","protected":false},"author":3,"featured_media":10130,"comment_status":"closed","ping_status":"open","sticky":false,"template":"","format":"standard","meta":{"_acf_changed":false,"footnotes":""},"categories":[126,116],"tags":[],"class_list":["post-10128","post","type-post","status-publish","format-standard","has-post-thumbnail","hentry","category-cultura-es-2","category-noticies"],"acf":[],"_links":{"self":[{"href":"https:\/\/infotorrent.es\/ca\/wp-json\/wp\/v2\/posts\/10128","targetHints":{"allow":["GET"]}}],"collection":[{"href":"https:\/\/infotorrent.es\/ca\/wp-json\/wp\/v2\/posts"}],"about":[{"href":"https:\/\/infotorrent.es\/ca\/wp-json\/wp\/v2\/types\/post"}],"author":[{"embeddable":true,"href":"https:\/\/infotorrent.es\/ca\/wp-json\/wp\/v2\/users\/3"}],"replies":[{"embeddable":true,"href":"https:\/\/infotorrent.es\/ca\/wp-json\/wp\/v2\/comments?post=10128"}],"version-history":[{"count":0,"href":"https:\/\/infotorrent.es\/ca\/wp-json\/wp\/v2\/posts\/10128\/revisions"}],"wp:featuredmedia":[{"embeddable":true,"href":"https:\/\/infotorrent.es\/ca\/wp-json\/wp\/v2\/media\/10130"}],"wp:attachment":[{"href":"https:\/\/infotorrent.es\/ca\/wp-json\/wp\/v2\/media?parent=10128"}],"wp:term":[{"taxonomy":"category","embeddable":true,"href":"https:\/\/infotorrent.es\/ca\/wp-json\/wp\/v2\/categories?post=10128"},{"taxonomy":"post_tag","embeddable":true,"href":"https:\/\/infotorrent.es\/ca\/wp-json\/wp\/v2\/tags?post=10128"}],"curies":[{"name":"wp","href":"https:\/\/api.w.org\/{rel}","templated":true}]}}