{"id":10105,"date":"2018-09-20T14:22:56","date_gmt":"2018-09-20T14:22:56","guid":{"rendered":"https:\/\/infotorrent.es\/uncategorized\/esport-i-mobilitat-al-cap-de-setmana-de-torrent\/"},"modified":"2018-09-20T14:19:52","modified_gmt":"2018-09-20T14:19:52","slug":"esport-i-mobilitat-al-cap-de-setmana-de-torrent","status":"publish","type":"post","link":"https:\/\/infotorrent.es\/ca\/noticies\/esport-i-mobilitat-al-cap-de-setmana-de-torrent\/","title":{"rendered":"Esport i mobilitat este cap de setmana a Torrent"},"content":{"rendered":"<p><strong>El Centre Ambiental El Vedat repr\u00e9n l\u2019oferta d\u2019activitats infantils despr\u00e9s de l\u2019estiu amb el taller \u201cLes serps\u201d<\/strong><\/p>\n<p>L\u2019esport i la solidaritat s\u2019unixen este cap de setmana en la carrera i la marxa solid\u00e0ria contra el c\u00e0ncer organitzada per l\u2019Associaci\u00f3 Espanyola contra el C\u00e0ncer de Val\u00e8ncia (AECC) i la junta local de Torrent. La carrera donar\u00e0 inici a les 19 h al peu de la Torre, amb una dist\u00e0ncia de 5,6 km la carrera i de 4 km la marxa. Les inscripcions poden realitzar-se telem\u00e0ticament fins a esta nit a les 23.59 h en el seg\u00fcent enlla\u00e7: <a href=\"http:\/\/bit.ly\/2owrjtd\" target=\"_blank\" rel=\"noopener\">http:\/\/bit.ly\/2owrjtd<\/a>. Els interessats a participar-hi que no hagen pogut apuntar-s\u2019hi per Internet poden fer-ho el mateix dia de la carrera des de les 17 h en la pla\u00e7a Major.<\/p>\n<p><strong><a href=\"https:\/\/www.infotorrent.es\/wp-content\/uploads\/2018\/09\/carrera_.jpg\"><img fetchpriority=\"high\" decoding=\"async\" class=\"size-full wp-image-18334 aligncenter\" src=\"https:\/\/www.infotorrent.es\/wp-content\/uploads\/2018\/09\/carrera_.jpg\" alt=\"\" width=\"700\" height=\"467\" \/><\/a><\/strong><\/p>\n<p><strong>Setmana de la Mobilitat<\/strong><br \/>\nLa Setmana de la Mobilitat arriba este cap de setmana amb for\u00e7a. Divendres a les 20.15 h en el Museu Comarcal de l\u2019Horta Sud es projectar\u00e0 el documental <em>Mundocleta:Europa<\/em>, a m\u00e9s de celebrar un sopar de mobilitat. El programa continua diumenge a les 11 h en la pla\u00e7a Major amb la presentaci\u00f3 de \u201cBicis inclusives\u201d, una iniciativa fomentada pel Col\u00b7lectiu Soterranya que oferir\u00e0 la possibilitat d\u2019utilitzar bicicletes a totes les persones amb mobilitat redu\u00efda. Seguidament es far\u00e0 una ciclopassejada pels carrers de Torrent.<\/p>\n<p><strong>Activitats infantils<\/strong><br \/>\nDespr\u00e9s de les vacances d\u2019estiu tornen els tallers del Centre Ambiental El Vedat, i ho fan amb magnific\u00e8ncia amb un taller on explicaran els secrets i les caracter\u00edstiques de les serps que podem trobar en la Comunitat Valenciana. Dissabte i diumenge a partir de les 11 h.<\/p>\n<p><strong>Trobada d\u2019Associacions Ciutadanes<\/strong><br \/>\nLa FAC celebra este cap de setmana la XVI Trobada d\u2019Associacions Ciutadanes (FAC); una cita que tindr\u00e0 lloc en la pla\u00e7a de la Uni\u00f3 Musical a les 11 h, i que continuar\u00e0 a les 21 h amb un sopar saludable sense alcohol.<\/p>\n<p><strong>Festes associacions<\/strong><br \/>\nL\u2019Associaci\u00f3 d\u2019Extremenys de Torrent celebra la primera conviv\u00e8ncia amb diverses activitats que tindran lloc en Vil\u00b7la Carme. Este acte es far\u00e0 dissabte a partir de les 13 h.<\/p>\n<p>D\u2019altra banda, l\u2019AAVV El Mol\u00ed ha preparat per a la nit de dissabte un sopar i una revetla posterior perqu\u00e8 els ve\u00efns i les ve\u00efnes del barri puguen gaudir d\u2019una nit amena i divertida. Dissabte a les 21 h.<\/p>\n","protected":false},"excerpt":{"rendered":"<p>El Centre Ambiental El Vedat repr\u00e9n l\u2019oferta d\u2019activitats infantils despr\u00e9s de l\u2019estiu amb el taller \u201cLes serps\u201d L\u2019esport i la solidaritat s\u2019unixen este cap de setmana en la carrera i la marxa solid\u00e0ria contra el c\u00e0ncer organitzada per l\u2019Associaci\u00f3 Espanyola contra el C\u00e0ncer de Val\u00e8ncia (AECC) i la junta local de Torrent. La carrera donar\u00e0 [&hellip;]<\/p>\n","protected":false},"author":4,"featured_media":10107,"comment_status":"closed","ping_status":"open","sticky":false,"template":"","format":"standard","meta":{"_acf_changed":false,"footnotes":""},"categories":[147,116,149],"tags":[913],"class_list":["post-10105","post","type-post","status-publish","format-standard","has-post-thumbnail","hentry","category-mobilitat","category-noticies","category-solidaritat","tag-centre-ambiental-el-vedatesportsolidaritat"],"acf":[],"_links":{"self":[{"href":"https:\/\/infotorrent.es\/ca\/wp-json\/wp\/v2\/posts\/10105","targetHints":{"allow":["GET"]}}],"collection":[{"href":"https:\/\/infotorrent.es\/ca\/wp-json\/wp\/v2\/posts"}],"about":[{"href":"https:\/\/infotorrent.es\/ca\/wp-json\/wp\/v2\/types\/post"}],"author":[{"embeddable":true,"href":"https:\/\/infotorrent.es\/ca\/wp-json\/wp\/v2\/users\/4"}],"replies":[{"embeddable":true,"href":"https:\/\/infotorrent.es\/ca\/wp-json\/wp\/v2\/comments?post=10105"}],"version-history":[{"count":0,"href":"https:\/\/infotorrent.es\/ca\/wp-json\/wp\/v2\/posts\/10105\/revisions"}],"wp:featuredmedia":[{"embeddable":true,"href":"https:\/\/infotorrent.es\/ca\/wp-json\/wp\/v2\/media\/10107"}],"wp:attachment":[{"href":"https:\/\/infotorrent.es\/ca\/wp-json\/wp\/v2\/media?parent=10105"}],"wp:term":[{"taxonomy":"category","embeddable":true,"href":"https:\/\/infotorrent.es\/ca\/wp-json\/wp\/v2\/categories?post=10105"},{"taxonomy":"post_tag","embeddable":true,"href":"https:\/\/infotorrent.es\/ca\/wp-json\/wp\/v2\/tags?post=10105"}],"curies":[{"name":"wp","href":"https:\/\/api.w.org\/{rel}","templated":true}]}}