{"id":100750,"date":"2026-09-04T12:55:17","date_gmt":"2026-09-04T10:55:17","guid":{"rendered":"https:\/\/infotorrent.es\/?p=100750"},"modified":"2026-09-04T12:58:27","modified_gmt":"2026-09-04T10:58:27","slug":"leoi-torrent-obri-el-periode-de-matricula-extraordinaria-per-al-curs-2026-2027","status":"publish","type":"post","link":"https:\/\/infotorrent.es\/ca\/formacion-ca\/leoi-torrent-obri-el-periode-de-matricula-extraordinaria-per-al-curs-2026-2027\/","title":{"rendered":"L&#8217;EOI Torrent obri el per\u00edode de matr\u00edcula extraordin\u00e0ria per al curs 2026-2027"},"content":{"rendered":"\n<p class=\"wp-block-paragraph\"><strong>Les persones interessades podran sol\u00b7licitar pla\u00e7a del 4 al 10 de setembre i les classes comen\u00e7aran el pr\u00f2xim 28 de setembre<\/strong><\/p>\n\n\n\n<p class=\"wp-block-paragraph\">L&#8217;Escola Oficial d&#8217;Idiomes (EOI) de Torrent ha obert el per\u00edode de matr\u00edcula extraordin\u00e0ria per al curs 2026-2027, una nova oportunitat per a totes aquelles persones que vulguen iniciar o continuar la seua formaci\u00f3 en idiomes durant el pr\u00f2xim curs acad\u00e8mic.<\/p>\n\n\n\n<p class=\"wp-block-paragraph\">Les persones interessades podran sol\u00b7licitar pla\u00e7a del 4 al 10 de setembre, mentres que la formalitzaci\u00f3 de la matr\u00edcula es podr\u00e0 realitzar a partir del 14 de setembre, d&#8217;acord amb el proc\u00e9s establit per l&#8217;Escola Oficial d&#8217;Idiomes.<\/p>\n\n\n\n<p class=\"wp-block-paragraph\">Dins d&#8217;este proc\u00e9s, l&#8217;EOI Torrent tamb\u00e9 ha programat les seues proves de classificaci\u00f3, que permeten a les persones amb coneixements previs accedir al nivell que millor s&#8217;adapte a la seua formaci\u00f3. A Torrent, estes proves tindran lloc els dies 8 i 9 de setembre, amb dates espec\u00edfiques segons l&#8217;idioma. Tota la informaci\u00f3 relativa als horaris i a les diferents proves pot consultar-se en la web de l&#8217;EOI Torrent.<\/p>\n\n\n\n<p class=\"wp-block-paragraph\">Com a novetat, enguany tamb\u00e9 s&#8217;han programat proves de classificaci\u00f3 el 16 de setembre en les seccions de l&#8217;EOI situades a Alaqu\u00e0s, Catarroja, Paiporta i Silla, dirigides a les persones que vulguen accedir a nivells superiors a l&#8217;inicial.<\/p>\n\n\n\n<p class=\"wp-block-paragraph\"><strong>Una oferta formativa amb pres\u00e8ncia en cinc municipis<\/strong><\/p>\n\n\n\n<p class=\"wp-block-paragraph\">L&#8217;EOI Torrent oferix una \u00e0mplia proposta formativa i compta amb doc\u00e8ncia no sols a Torrent, sin\u00f3 tamb\u00e9 en les seues seccions d&#8217;Alaqu\u00e0s, Catarroja, Paiporta i Silla, facilitant aix\u00ed l&#8217;acc\u00e9s a l&#8217;aprenentatge d&#8217;idiomes a la ciutadania de diferents municipis de l&#8217;Horta Sud.<\/p>\n\n\n\n<p class=\"wp-block-paragraph\">El curs acad\u00e8mic 2026-2027 comen\u00e7ar\u00e0 oficialment el 28 de setembre, data prevista per a l&#8217;inici de les classes.<\/p>\n\n\n\n<p class=\"wp-block-paragraph\">Des de l&#8217;Ajuntament de Torrent es dona suport a la difusi\u00f3 d&#8217;este per\u00edode de matr\u00edcula extraordin\u00e0ria amb l&#8217;objectiu que la informaci\u00f3 arribe al conjunt de la ciutadania i que totes les persones interessades puguen con\u00e9ixer els terminis, l&#8217;oferta acad\u00e8mica disponible i les diferents opcions per a accedir als estudis d&#8217;idiomes.<\/p>\n\n\n\n<p class=\"wp-block-paragraph\">Les persones interessades poden consultar tota l&#8217;oferta acad\u00e8mica, els requisits, els terminis de matr\u00edcula i la informaci\u00f3 sobre les proves de classificaci\u00f3 a trav\u00e9s de la web de l&#8217;EOI Torrent.<\/p>\n\n\n\n<figure class=\"wp-block-gallery has-nested-images columns-default is-cropped wp-block-gallery-1 is-layout-flex wp-block-gallery-is-layout-flex\">\n<figure class=\"wp-block-image size-large\"><img fetchpriority=\"high\" decoding=\"async\" width=\"724\" height=\"1024\" data-id=\"100741\" src=\"https:\/\/infotorrent.es\/wp-content\/uploads\/2026\/09\/TEST_CLAS_SET_VAL-1-724x1024.jpg\" alt=\"\" class=\"wp-image-100741\" srcset=\"https:\/\/infotorrent.es\/wp-content\/uploads\/2026\/09\/TEST_CLAS_SET_VAL-1-724x1024.jpg 724w, https:\/\/infotorrent.es\/wp-content\/uploads\/2026\/09\/TEST_CLAS_SET_VAL-1-212x300.jpg 212w, https:\/\/infotorrent.es\/wp-content\/uploads\/2026\/09\/TEST_CLAS_SET_VAL-1-768x1086.jpg 768w, https:\/\/infotorrent.es\/wp-content\/uploads\/2026\/09\/TEST_CLAS_SET_VAL-1-1086x1536.jpg 1086w, https:\/\/infotorrent.es\/wp-content\/uploads\/2026\/09\/TEST_CLAS_SET_VAL-1.jpg 1414w\" sizes=\"(max-width: 724px) 100vw, 724px\" \/><\/figure>\n\n\n\n<figure class=\"wp-block-image size-large\"><img decoding=\"async\" width=\"724\" height=\"1024\" data-id=\"100743\" src=\"https:\/\/infotorrent.es\/wp-content\/uploads\/2026\/09\/MATRICULA_SET_VAL-2-724x1024.jpg\" alt=\"\" class=\"wp-image-100743\" srcset=\"https:\/\/infotorrent.es\/wp-content\/uploads\/2026\/09\/MATRICULA_SET_VAL-2-724x1024.jpg 724w, https:\/\/infotorrent.es\/wp-content\/uploads\/2026\/09\/MATRICULA_SET_VAL-2-212x300.jpg 212w, https:\/\/infotorrent.es\/wp-content\/uploads\/2026\/09\/MATRICULA_SET_VAL-2-768x1086.jpg 768w, https:\/\/infotorrent.es\/wp-content\/uploads\/2026\/09\/MATRICULA_SET_VAL-2-1086x1536.jpg 1086w, https:\/\/infotorrent.es\/wp-content\/uploads\/2026\/09\/MATRICULA_SET_VAL-2.jpg 1414w\" sizes=\"(max-width: 724px) 100vw, 724px\" \/><\/figure>\n<\/figure>\n","protected":false},"excerpt":{"rendered":"<p>Les persones interessades podran sol\u00b7licitar pla\u00e7a del 4 al 10 de setembre i les classes comen\u00e7aran el pr\u00f2xim 28 de setembre L&#8217;Escola Oficial d&#8217;Idiomes (EOI) de Torrent ha obert el per\u00edode de matr\u00edcula extraordin\u00e0ria per al curs 2026-2027, una nova oportunitat per a totes aquelles persones que vulguen iniciar o continuar la seua formaci\u00f3 en [&hellip;]<\/p>\n","protected":false},"author":21,"featured_media":100741,"comment_status":"open","ping_status":"open","sticky":false,"template":"","format":"standard","meta":{"_acf_changed":false,"footnotes":""},"categories":[1212],"tags":[],"class_list":["post-100750","post","type-post","status-publish","format-standard","has-post-thumbnail","hentry","category-formacion-ca"],"acf":[],"_links":{"self":[{"href":"https:\/\/infotorrent.es\/ca\/wp-json\/wp\/v2\/posts\/100750","targetHints":{"allow":["GET"]}}],"collection":[{"href":"https:\/\/infotorrent.es\/ca\/wp-json\/wp\/v2\/posts"}],"about":[{"href":"https:\/\/infotorrent.es\/ca\/wp-json\/wp\/v2\/types\/post"}],"author":[{"embeddable":true,"href":"https:\/\/infotorrent.es\/ca\/wp-json\/wp\/v2\/users\/21"}],"replies":[{"embeddable":true,"href":"https:\/\/infotorrent.es\/ca\/wp-json\/wp\/v2\/comments?post=100750"}],"version-history":[{"count":1,"href":"https:\/\/infotorrent.es\/ca\/wp-json\/wp\/v2\/posts\/100750\/revisions"}],"predecessor-version":[{"id":100752,"href":"https:\/\/infotorrent.es\/ca\/wp-json\/wp\/v2\/posts\/100750\/revisions\/100752"}],"wp:featuredmedia":[{"embeddable":true,"href":"https:\/\/infotorrent.es\/ca\/wp-json\/wp\/v2\/media\/100741"}],"wp:attachment":[{"href":"https:\/\/infotorrent.es\/ca\/wp-json\/wp\/v2\/media?parent=100750"}],"wp:term":[{"taxonomy":"category","embeddable":true,"href":"https:\/\/infotorrent.es\/ca\/wp-json\/wp\/v2\/categories?post=100750"},{"taxonomy":"post_tag","embeddable":true,"href":"https:\/\/infotorrent.es\/ca\/wp-json\/wp\/v2\/tags?post=100750"}],"curies":[{"name":"wp","href":"https:\/\/api.w.org\/{rel}","templated":true}]}}