{"id":10074,"date":"2018-09-06T13:10:53","date_gmt":"2018-09-06T13:10:53","guid":{"rendered":"https:\/\/infotorrent.es\/uncategorized\/radio-torrent-dona-el-salt-a-les-xarxes-socials\/"},"modified":"2018-09-06T13:19:13","modified_gmt":"2018-09-06T13:19:13","slug":"radio-torrent-dona-el-salt-a-les-xarxes-socials","status":"publish","type":"post","link":"https:\/\/infotorrent.es\/ca\/noticies\/radio-torrent-dona-el-salt-a-les-xarxes-socials\/","title":{"rendered":"R\u00e0dio Torrent fa el salt a les xarxes socials"},"content":{"rendered":"<p><strong>L&#8217;emissora anunciar\u00e0 la programaci\u00f3 i totes les novetats a trav\u00e9s de Facebook<\/strong><\/p>\n<p style=\"text-align: justify;\">La r\u00e0dio municipal de Torrent (R\u00e0dio Torrent 97.3) ha pegat esta setmana un pas m\u00e9s i ha iniciat el seu cam\u00ed en les xarxes socials, concretament en Facebook. En este canal els torrentins i les torrentines podran informar-se sobre tota la graella de programes de l&#8217;emissora, programaci\u00f3 que es tancar\u00e0 pr\u00f2ximament, <strong>\u201cja que tenim previst enllestir i aprovar la programaci\u00f3 oficial en la pr\u00f2xima reuni\u00f3 del consell assessor\u201d<\/strong>, ha assenyalat Susi Ferrer, regidora de Comunicaci\u00f3.<\/p>\n<p style=\"text-align: justify;\">L&#8217;emissora, que es troba en proves des de maig d&#8217;enguany, ha em\u00e9s diversos programes en directe com la Trobada d\u2019Escoles en Valenci\u00e0, les dos <em>trabucades <\/em>de Moros i Cristians i la Gran Entrada Mora i Cristiana. En estos moments, diferents associacions locals com ADISTO, Corazones Abiertos o Torrent de Paraules, entre altres, estan gravant programes per a la seua emissi\u00f3 posterior. A m\u00e9s, la r\u00e0dio est\u00e0 emetent m\u00fasica i s&#8217;ha adherit a la Xarxa d&#8217;Emissores Municipals Valencianes (XEMV).<\/p>\n<p>&nbsp;<\/p>\n","protected":false},"excerpt":{"rendered":"<p>L&#8217;emissora anunciar\u00e0 la programaci\u00f3 i totes les novetats a trav\u00e9s de Facebook La r\u00e0dio municipal de Torrent (R\u00e0dio Torrent 97.3) ha pegat esta setmana un pas m\u00e9s i ha iniciat el seu cam\u00ed en les xarxes socials, concretament en Facebook. En este canal els torrentins i les torrentines podran informar-se sobre tota la graella de [&hellip;]<\/p>\n","protected":false},"author":9,"featured_media":1137,"comment_status":"closed","ping_status":"open","sticky":false,"template":"","format":"standard","meta":{"_acf_changed":false,"footnotes":""},"categories":[126,116],"tags":[],"class_list":["post-10074","post","type-post","status-publish","format-standard","has-post-thumbnail","hentry","category-cultura-es-2","category-noticies"],"acf":[],"_links":{"self":[{"href":"https:\/\/infotorrent.es\/ca\/wp-json\/wp\/v2\/posts\/10074","targetHints":{"allow":["GET"]}}],"collection":[{"href":"https:\/\/infotorrent.es\/ca\/wp-json\/wp\/v2\/posts"}],"about":[{"href":"https:\/\/infotorrent.es\/ca\/wp-json\/wp\/v2\/types\/post"}],"author":[{"embeddable":true,"href":"https:\/\/infotorrent.es\/ca\/wp-json\/wp\/v2\/users\/9"}],"replies":[{"embeddable":true,"href":"https:\/\/infotorrent.es\/ca\/wp-json\/wp\/v2\/comments?post=10074"}],"version-history":[{"count":0,"href":"https:\/\/infotorrent.es\/ca\/wp-json\/wp\/v2\/posts\/10074\/revisions"}],"wp:featuredmedia":[{"embeddable":true,"href":"https:\/\/infotorrent.es\/ca\/wp-json\/wp\/v2\/media\/1137"}],"wp:attachment":[{"href":"https:\/\/infotorrent.es\/ca\/wp-json\/wp\/v2\/media?parent=10074"}],"wp:term":[{"taxonomy":"category","embeddable":true,"href":"https:\/\/infotorrent.es\/ca\/wp-json\/wp\/v2\/categories?post=10074"},{"taxonomy":"post_tag","embeddable":true,"href":"https:\/\/infotorrent.es\/ca\/wp-json\/wp\/v2\/tags?post=10074"}],"curies":[{"name":"wp","href":"https:\/\/api.w.org\/{rel}","templated":true}]}}