{"id":100734,"date":"2026-09-04T10:00:44","date_gmt":"2026-09-04T08:00:44","guid":{"rendered":"https:\/\/infotorrent.es\/?p=100734"},"modified":"2026-09-04T10:06:20","modified_gmt":"2026-09-04T08:06:20","slug":"torrent-destina-125-000-euros-a-les-beques-de-material-escolar-per-al-curs-2026-2027","status":"publish","type":"post","link":"https:\/\/infotorrent.es\/ca\/noticies\/educacio\/torrent-destina-125-000-euros-a-les-beques-de-material-escolar-per-al-curs-2026-2027\/","title":{"rendered":"Torrent destina 125.000 euros a les beques de material escolar per al curs 2026\/2027"},"content":{"rendered":"\n<p class=\"wp-block-paragraph\"><strong>La dotaci\u00f3 municipal augmenta en 9.200 euros respecte al curs anterior i contempla ajudes per a Infantil, Prim\u00e0ria, ESO, Formaci\u00f3 d&#8217;Adults, Escola Oficial d&#8217;Idiomes, m\u00fasica i dansa<\/strong><\/p>\n\n\n\n<p class=\"wp-block-paragraph\"><strong>El termini de presentaci\u00f3 de sol\u00b7licituds estar\u00e0 obert des de dilluns que ve 7 al 25 de setembre, els dos inclusivament<\/strong><\/p>\n\n\n\n<p class=\"wp-block-paragraph\">L&#8217;Ajuntament de Torrent destinar\u00e0 125.000 euros a la convocat\u00f2ria de beques de material escolar per al curs 2026\/2027, amb l&#8217;objectiu de fer costat a les fam\u00edlies i afavorir que l&#8217;alumnat puga afrontar el nou curs en condicions d&#8217;igualtat. La nova convocat\u00f2ria incrementa en 9.200 euros la dotaci\u00f3 arreplegada el passat curs, que va ascendir a 115.800 euros. La convocat\u00f2ria ha sigut publicada hui en el Butllet\u00ed Oficial de la Prov\u00edncia de Val\u00e8ncia (BOP), per la qual cosa el termini per a presentar les sol\u00b7licituds romandr\u00e0 obert des de dilluns que ve 7 fins al 25 de setembre, els dos inclusivament.<\/p>\n\n\n\n<p class=\"wp-block-paragraph\">Les ajudes tenen com a finalitat pal\u00b7liar les desigualtats socials i facilitar l&#8217;acc\u00e9s al material did\u00e0ctic necessari per al desenrotllament de les ensenyances. La convocat\u00f2ria prioritza a les fam\u00edlies amb menor renda per c\u00e0pita, ja que les sol\u00b7licituds es valoraran en r\u00e8gim de concurr\u00e8ncia competitiva atesa la situaci\u00f3 econ\u00f2mica de la unitat familiar.<\/p>\n\n\n\n<p class=\"wp-block-paragraph\">La regidor d&#8217;Educaci\u00f3, Mar\u00eda del Rosario Fern\u00e1ndez Aracil, ha destacat que \u201camb estes beques volem estar al costat de les fam\u00edlies torrentinas en un moment de l&#8217;any en qu\u00e8 s&#8217;acumulen nombrosos gastos. El material escolar \u00e9s una ferramenta b\u00e0sica per a aprendre i des de l&#8217;Ajuntament volem contribuir al fet que les circumst\u00e0ncies econ\u00f2miques d&#8217;una fam\u00edlia no suposen una desigualtat per als seus fills\u201d.<\/p>\n\n\n\n<p class=\"wp-block-paragraph\">Fern\u00e1ndez ha assenyalat tamb\u00e9 que \u201ceste curs elevem la dotaci\u00f3 fins als 125.000 euros, refor\u00e7ant el comprom\u00eds municipal amb una educaci\u00f3 inclusiva i amb la igualtat d&#8217;oportunitats. \u00c9s un esfor\u00e7 econ\u00f2mic que t\u00e9 una repercussi\u00f3 directa en el dia a dia de l&#8217;alumnat i de les seues fam\u00edlies\u201d.<\/p>\n\n\n\n<p class=\"wp-block-paragraph\">125.000 euros distribu\u00efts entre sis modalitats<\/p>\n\n\n\n<p class=\"wp-block-paragraph\">La convocat\u00f2ria establix sis l\u00ednies d&#8217;ajudes, adaptades als diferents nivells i ensenyances. La major dotaci\u00f3 correspon a Educaci\u00f3 Prim\u00e0ria, amb 58.000 euros, seguida d&#8217;Educaci\u00f3 Infantil, amb 32.000 euros, i Educaci\u00f3 Secund\u00e0ria Obligat\u00f2ria, amb 25.000 euros.<\/p>\n\n\n\n<p class=\"wp-block-paragraph\">La distribuci\u00f3 prevista \u00e9s la seg\u00fcent:<\/p>\n\n\n\n<p class=\"wp-block-paragraph\">\u00b7 Educaci\u00f3 Infantil: 32.000 euros, amb beques de fins a 50 euros.<\/p>\n\n\n\n<p class=\"wp-block-paragraph\">\u00b7 Educaci\u00f3 Prim\u00e0ria: 58.000 euros, amb beques de fins a 50 euros.<\/p>\n\n\n\n<p class=\"wp-block-paragraph\">\u00b7 Educaci\u00f3 Secund\u00e0ria Obligat\u00f2ria: 25.000 euros, amb beques de fins a 50 euros.<\/p>\n\n\n\n<p class=\"wp-block-paragraph\">\u00b7 Formaci\u00f3 Permanent d&#8217;Adults de Torrent: 3.000 euros, amb beques de fins a 30 euros.<\/p>\n\n\n\n<p class=\"wp-block-paragraph\">\u00b7 Escola Oficial d&#8217;Idiomes de Torrent: 3.000 euros, amb beques de fins a 30 euros.<\/p>\n\n\n\n<p class=\"wp-block-paragraph\">\u00b7 Estudis de m\u00fasica i dansa en conservatoris oficials i centres autoritzats o registrats per la Conselleria d&#8217;Educaci\u00f3: 4.000 euros, amb beques de fins a 35 euros.<\/p>\n\n\n\n<p class=\"wp-block-paragraph\">Com a novetat, este curs es contempla la inclusi\u00f3 en la convocat\u00f2ria d&#8217;ajudes per a l&#8217;adquisici\u00f3 de material did\u00e0ctic i educatiu en els nivells de Formaci\u00f3 Permanent d&#8217;Adults i d&#8217;Escola Oficial d&#8217;Idiomes. Les ajudes per a l&#8217;alumnat de m\u00fasica i dansa tamb\u00e9 contemplen este curs el material did\u00e0ctic ja que, fins ara, les beques eren per a matriculaci\u00f3.<\/p>\n\n\n\n<p class=\"wp-block-paragraph\">Material did\u00e0ctic i educatiu<\/p>\n\n\n\n<p class=\"wp-block-paragraph\">Les beques es destinen preferentment a l&#8217;adquisici\u00f3 de material did\u00e0ctic i educatiu, com a diccionaris, atles, llibres de lectura, quaderns, llapis, retoladors, compassos&#8230; De manera complement\u00e0ria podran incloure&#8217;s llibres de text fins a aconseguir l&#8217;import m\u00e0xim de l&#8217;ajuda (com a m\u00e0xim un 40%).<\/p>\n\n\n\n<p class=\"wp-block-paragraph\">Queden fora materials que no tinguen car\u00e0cter did\u00e0ctic, com a motxilles o material esportiu.<\/p>\n\n\n\n<p class=\"wp-block-paragraph\">Les factures hauran de justificar l&#8217;adquisici\u00f3 del material i hauran de correspondre a establiments comercials de Torrent. Almenys un 60% de l&#8217;import de la factura haur\u00e0 de correspondre a material did\u00e0ctic; en cas de no aconseguir-se eixe percentatge, \u00fanicament s&#8217;abonar\u00e0 l&#8217;import de material escolar degudament justificat, amb un m\u00e0xim de 30 euros.<\/p>\n\n\n\n<p class=\"wp-block-paragraph\">Requisits i criteris de concessi\u00f3<\/p>\n\n\n\n<p class=\"wp-block-paragraph\">Podran optar a les ajudes les persones matriculades durant el curs 2026\/2027 en els nivells contemplats en les bases: Educaci\u00f3 Infantil, Prim\u00e0ria, ESO, conservatoris i centres autoritzats de m\u00fasica i dansa, el Centre de Formaci\u00f3 Permanent d&#8217;Adults de Torrent i l&#8217;Escola Oficial d&#8217;Idiomes de Torrent. L&#8217;alumnat beneficiari haur\u00e0 d&#8217;estar empadronat a Torrent, aix\u00ed com complir la resta de requisits establits en les bases reguladores d&#8217;estes beques.<\/p>\n\n\n\n<p class=\"wp-block-paragraph\">Les ajudes es concediran atenent la renda per c\u00e0pita de la unitat familiar, prioritzant als qui presenten un menor nivell de renda fins a esgotar el cr\u00e8dit disponible.<\/p>\n\n\n\n<p class=\"wp-block-paragraph\">Els alumnes dels CEIP Lope de Vega, Verge del Rosari, Sant Joan Baptista, Joan XXIII i Col\u00b7legi Mare Petra no podran sol\u00b7licitar estes beques per als nivells d&#8217;Infantil, Prim\u00e0ria i, quan corresponga, Secund\u00e0ria, pel fet que estos centres desenrotllen projectes d&#8217;educaci\u00f3 compensat\u00f2ria i reben de l&#8217;Ajuntament ajudes directes per a l&#8217;adquisici\u00f3 de material did\u00e0ctic. Este alumnat s\u00ed que podr\u00e0 optar a les ajudes per a cursar estudis de m\u00fasica i dansa i d&#8217;idiomes en els termes establits en la convocat\u00f2ria.<\/p>\n\n\n\n<p class=\"wp-block-paragraph\">Presentaci\u00f3 de sol\u00b7licituds<\/p>\n\n\n\n<p class=\"wp-block-paragraph\">El termini romandr\u00e0 obert des del dilluns 7 fins al 25 de setembre, els dos inclusivament, perqu\u00e8 les fam\u00edlies interessades puguen presentar les seues sol\u00b7licituds. La convocat\u00f2ria estable un termini de 15 dies h\u00e0bils, despr\u00e9s de la seua publicaci\u00f3 en el BOP, per a la presentaci\u00f3 d&#8217;estes.<\/p>\n\n\n\n<p class=\"wp-block-paragraph\">Per a major comoditat de les fam\u00edlies sol\u00b7licitants, recomanem la presentaci\u00f3 telem\u00e0tica de manera preferent, a trav\u00e9s de la seu electr\u00f2nica de l&#8217;Ajuntament de Torrent, mitjan\u00e7ant el tr\u00e0mit EDUC-001: Beques escolars, en l&#8217;enlla\u00e7 <a href=\"https:\/\/torrent.sedelectronica.es\/catalog\/t\/449cbaf6-54e9-4849-9cf9-83a29e2eb885\" target=\"_blank\" rel=\"noopener\">https:\/\/torrent.sedelectronica.es\/catalog\/t\/449cbaf6-54e9-4849-9cf9-83a29e2eb885<\/a> , sense perju\u00ed de la seua presentaci\u00f3 en els registres i oficines previstos en la normativa administrativa.<\/p>\n\n\n\n<p class=\"wp-block-paragraph\">La regidor d&#8217;Educaci\u00f3 ha animat a les fam\u00edlies que complisquen els requisits a participar en la convocat\u00f2ria i ha subratllat que \u201cvolem facilitar el procediment i que estes ajudes arriben als qui realment m\u00e9s les necessiten. Invertir en educaci\u00f3 \u00e9s invertir en igualtat, en oportunitats i en el futur de Torrent\u201d.<\/p>\n\n\n\n<figure class=\"wp-block-image size-large\"><img fetchpriority=\"high\" decoding=\"async\" width=\"1024\" height=\"682\" src=\"https:\/\/infotorrent.es\/wp-content\/uploads\/2026\/09\/material-1024x682.jpeg\" alt=\"\" class=\"wp-image-100731\" srcset=\"https:\/\/infotorrent.es\/wp-content\/uploads\/2026\/09\/material-1024x682.jpeg 1024w, https:\/\/infotorrent.es\/wp-content\/uploads\/2026\/09\/material-300x200.jpeg 300w, https:\/\/infotorrent.es\/wp-content\/uploads\/2026\/09\/material-768x512.jpeg 768w, https:\/\/infotorrent.es\/wp-content\/uploads\/2026\/09\/material-1536x1023.jpeg 1536w, https:\/\/infotorrent.es\/wp-content\/uploads\/2026\/09\/material.jpeg 1600w\" sizes=\"(max-width: 1024px) 100vw, 1024px\" \/><\/figure>\n","protected":false},"excerpt":{"rendered":"<p>La dotaci\u00f3 municipal augmenta en 9.200 euros respecte al curs anterior i contempla ajudes per a Infantil, Prim\u00e0ria, ESO, Formaci\u00f3 d&#8217;Adults, Escola Oficial d&#8217;Idiomes, m\u00fasica i dansa El termini de presentaci\u00f3 de sol\u00b7licituds estar\u00e0 obert des de dilluns que ve 7 al 25 de setembre, els dos inclusivament L&#8217;Ajuntament de Torrent destinar\u00e0 125.000 euros a [&hellip;]<\/p>\n","protected":false},"author":21,"featured_media":100731,"comment_status":"open","ping_status":"open","sticky":false,"template":"","format":"standard","meta":{"_acf_changed":false,"footnotes":""},"categories":[1184,121,132,1158],"tags":[],"class_list":["post-100734","post","type-post","status-publish","format-standard","has-post-thumbnail","hentry","category-educacio-educacion-noticias-ca","category-educacio","category-educacion-2","category-educacion-noticias-ca"],"acf":[],"_links":{"self":[{"href":"https:\/\/infotorrent.es\/ca\/wp-json\/wp\/v2\/posts\/100734","targetHints":{"allow":["GET"]}}],"collection":[{"href":"https:\/\/infotorrent.es\/ca\/wp-json\/wp\/v2\/posts"}],"about":[{"href":"https:\/\/infotorrent.es\/ca\/wp-json\/wp\/v2\/types\/post"}],"author":[{"embeddable":true,"href":"https:\/\/infotorrent.es\/ca\/wp-json\/wp\/v2\/users\/21"}],"replies":[{"embeddable":true,"href":"https:\/\/infotorrent.es\/ca\/wp-json\/wp\/v2\/comments?post=100734"}],"version-history":[{"count":1,"href":"https:\/\/infotorrent.es\/ca\/wp-json\/wp\/v2\/posts\/100734\/revisions"}],"predecessor-version":[{"id":100736,"href":"https:\/\/infotorrent.es\/ca\/wp-json\/wp\/v2\/posts\/100734\/revisions\/100736"}],"wp:featuredmedia":[{"embeddable":true,"href":"https:\/\/infotorrent.es\/ca\/wp-json\/wp\/v2\/media\/100731"}],"wp:attachment":[{"href":"https:\/\/infotorrent.es\/ca\/wp-json\/wp\/v2\/media?parent=100734"}],"wp:term":[{"taxonomy":"category","embeddable":true,"href":"https:\/\/infotorrent.es\/ca\/wp-json\/wp\/v2\/categories?post=100734"},{"taxonomy":"post_tag","embeddable":true,"href":"https:\/\/infotorrent.es\/ca\/wp-json\/wp\/v2\/tags?post=100734"}],"curies":[{"name":"wp","href":"https:\/\/api.w.org\/{rel}","templated":true}]}}