{"id":100726,"date":"2026-09-03T12:27:00","date_gmt":"2026-09-03T10:27:00","guid":{"rendered":"https:\/\/infotorrent.es\/?p=100726"},"modified":"2026-09-03T12:29:36","modified_gmt":"2026-09-03T10:29:36","slug":"torrent-projecta-una-reconstruccio-del-poligon-industrial-mas-del-jutge-amb-357-milions-despres-de-la-dana","status":"publish","type":"post","link":"https:\/\/infotorrent.es\/ca\/noticies\/urbanisme\/torrent-projecta-una-reconstruccio-del-poligon-industrial-mas-del-jutge-amb-357-milions-despres-de-la-dana\/","title":{"rendered":"Torrent projecta una reconstrucci\u00f3 del pol\u00edgon industrial Mas del Jutge amb 35,7 milions despr\u00e9s de la DANA"},"content":{"rendered":"\n<h4 class=\"wp-block-heading\"><strong>L\u2019actuaci\u00f3 contempla l\u2019estabilitzaci\u00f3 dels vessants dels barrancs<br>del Poyo i l\u2019Horteta, la protecci\u00f3 davant d\u2019inundacions i la rehabilitaci\u00f3<br>dels vials i accessos a l\u2019\u00e0rea industrial afectats per la DANA<\/strong><\/h4>\n\n\n\n<h4 class=\"wp-block-heading\"><strong>La reparaci\u00f3 i millora de la carretera principal del Mas del Jutge donar\u00e0<br>resposta a les demandes d\u2019ASET i dels ve\u00efns i ve\u00efnes de Torrent que noten en el seu dia a dia els desperfectes d\u2019esta carretera i d\u2019altres accessos al pol\u00edgon des de la DANA<\/strong><\/h4>\n\n\n\n<p class=\"wp-block-paragraph\">L\u2019Ajuntament de Torrent ha aconseguit<br>l\u2019acceptaci\u00f3 per part del Ministeri de Pol\u00edtica Territorial i Mem\u00f2ria<br>Democr\u00e0tica del projecte de reconstrucci\u00f3 de la zona del pol\u00edgon industrial<br>Mas del Jutge afectada per la DANA d\u2019octubre de 2024. La resoluci\u00f3 del<br>Comissionat Especial per a la Reconstrucci\u00f3 i Reparaci\u00f3 dels Danys<br>Provocats per la DANA accepta el projecte presentat pel consistori,<br>denominat <strong>\u201cReconstrucci\u00f3 zona Pol\u00edgon Industrial Mas del Jutge. Actuaci\u00f3<br>2\u201d<\/strong>, i fixa un <strong>cost m\u00e0xim total subvencionable de 35.720.832,64 euros<\/strong>,<br>amb una subvenci\u00f3 pel mateix import. La resoluci\u00f3 estableix que<br>l\u2019acceptaci\u00f3 queda condicionada a l\u2019obtenci\u00f3 definitiva de l\u2019autoritzaci\u00f3 de la<br><strong>Confederaci\u00f3 Hidrogr\u00e0fica del X\u00faquer.<\/strong><\/p>\n\n\n\n<p class=\"wp-block-paragraph\">L\u2019actuaci\u00f3 respon als importants danys ocasionats per la DANA en l\u2019entorn del pol\u00edgon industrial. En el pol\u00edgon industrial de Torrent es van detectar, entre altres problemes, despreniments de vessant, esvorancs, deteriorament dels ferms, trencaments de col\u00b7lectors i p\u00e8rdua de funcionalitat de diferents infraestructures.<\/p>\n\n\n\n<p class=\"wp-block-paragraph\">El projecte planteja actuar tant sobre els vessants dels barrancs del Poyo i de l\u2019Horteta com sobre la xarxa vi\u00e0ria municipal del pol\u00edgon. La mem\u00f2ria recull intervencions d\u2019<strong>estabilitzaci\u00f3 i protecci\u00f3 davant de l\u2019erosi\u00f3 fluvial<\/strong> en diferents punts, entre ells les zones pr\u00f2ximes al carrer Mas del Jutge, l\u2019aparcament p\u00fablic del carrer El Palmar, el pont del carrer Teixidors, el tram compr\u00e9s entre els carrers Llibrers i Hort de Soriano i el carrer Tonellet. Tamb\u00e9 contempla la reposici\u00f3 d\u2019elements d\u2019equipament urb\u00e0, xarxes de serveis, ferms i paviments danyats.<\/p>\n\n\n\n<p class=\"wp-block-paragraph\">En concret, el cap\u00edtol destinat a l\u2019<strong>estabilitzaci\u00f3 de vessants i protecci\u00f3 contra inundacions<\/strong> ascendeix a <strong>18.772.018,30 euros<\/strong>. Les actuacions es distribueixen en set trams dels barrancs del Poyo i l\u2019Horteta. Entre les intervencions de major quantia es troben l\u2019estabilitzaci\u00f3 del vessant del barranc de l\u2019Horteta al carrer Tonellet, entre els n\u00fameros 38 i 84, amb 5.753.991,23 euros, i el tram del barranc del Poyo entre Auto R\u00e0pid Torrent i el pont de Quatre Camins, amb 4.913.639,35 euros.<\/p>\n\n\n\n<p class=\"wp-block-paragraph\">Les solucions t\u00e8cniques inclouen murs i proteccions mitjan\u00e7ant <strong>escullera<\/strong>, sistemes de drenatge i geot\u00e8xtils, a m\u00e9s d\u2019altres actuacions destinades a millorar l\u2019estabilitat dels talussos i la seua resist\u00e8ncia davant de futures avingudes. La mateixa mem\u00f2ria adverteix que, a causa del car\u00e0cter d\u2019emerg\u00e8ncia de l\u2019actuaci\u00f3, ser\u00e0 necessari completar posteriorment determinats estudis geot\u00e8cnics i la definici\u00f3 constructiva de les solucions.<\/p>\n\n\n\n<p class=\"wp-block-paragraph\">El segon gran bloc del projecte correspon a la <strong>urbanitzaci\u00f3 dels vials del pol\u00edgon i els seus accessos des de l\u2019A-7 i la CV-36<\/strong>, amb un pressupost de <strong>3.775.458,68 euros<\/strong>. Inclou treballs previs i demolicions, ferms i paviments, zones verdes, senyalitzaci\u00f3 i defenses, enllumenat, sanejament, la reparaci\u00f3 del carrer Mas del Jutge 2a i actuacions en la vorera al costat de l\u2019aparcament p\u00fablic del carrer El Palmar. L\u2019acc\u00e9s al pol\u00edgon des de la CV-36 tamb\u00e9 va resultar afectat, ja que este pont va ser durant mesos l\u2019\u00fanic acc\u00e9s a Torrent per a camions i vehicles, i s\u2019utilitzava com a desviament de l\u2019A-7 quan va estar tallada despr\u00e9s de la caiguda dels dos ponts a l\u2019altura del barranc de Gallego.<\/p>\n\n\n\n<p class=\"wp-block-paragraph\">A m\u00e9s, la mem\u00f2ria contempla <strong>327.987,90 euros per a la reposici\u00f3 dels serveis afectats<\/strong>, incloent-hi xarxes de sanejament i pluvials, aigua potable, telecomunicacions i enllumenat, juntament amb partides espec\u00edfiques per a la gesti\u00f3 de residus i la seguretat i salut.<\/p>\n\n\n\n<p class=\"wp-block-paragraph\">El pressupost d\u2019execuci\u00f3 de les obres ascendeix a 34.422.205,57 euros, mentre que el cost m\u00e0xim total subvencionable arriba als 35.720.832,64 euros.<\/p>\n\n\n\n<p class=\"wp-block-paragraph\">L\u2019alcaldessa de Torrent, <strong>Amparo Folgado<\/strong>, ha destacat que \u201cesta acceptaci\u00f3 suposa un pas decisiu per a avan\u00e7ar en la reconstrucci\u00f3 d\u2019una zona industrial fonamental per a Torrent. Des de l\u2019Ajuntament hem treballat per a presentar un projecte complet que no es limite a reparar els danys, sin\u00f3 que permeta recuperar la seguretat i funcionalitat de les infraestructures afectades per la DANA\u201d. A m\u00e9s, Folgado assenyala que esta actuaci\u00f3 respon al comprom\u00eds adquirit pel consistori amb l\u2019Associaci\u00f3 d\u2019Empresaris de Torrent (ASET) i amb els mateixos ve\u00efns i ve\u00efnes de la ciutat, que utilitzen di\u00e0riament la carretera principal del Mas del Jutge, una de les vies m\u00e9s afectades, els efectes de la qual es fan notar especialment en el dia a dia, des de la DANA.<\/p>\n\n\n\n<p class=\"wp-block-paragraph\">Per la seua part, el regidor d\u2019Urbanisme, <strong>Jos\u00e9 Francisco Gozalvo<\/strong>, ha assenyalat que \u201cla magnitud dels danys exigia una actuaci\u00f3 integral i t\u00e8cnicament rigorosa. El projecte aborda tant els vessants dels barrancs com els vials, els accessos i els serveis afectats, i ara comptem amb l\u2019acceptaci\u00f3 del Ministeri per a continuar avan\u00e7ant en la recuperaci\u00f3 del pol\u00edgon Mas del Jutge\u201d.<\/p>\n\n\n\n<p class=\"wp-block-paragraph\">El projecte estableix un <strong>termini estimat d\u2019execuci\u00f3 de 24 mesos<\/strong>, si b\u00e9 la mem\u00f2ria precisa que es tracta d\u2019una estimaci\u00f3 a causa del car\u00e0cter d\u2019emerg\u00e8ncia de l\u2019actuaci\u00f3 i de la necessitat de desenvolupar determinats estudis i projectes constructius durant el proc\u00e9s.<\/p>\n\n\n\n<p class=\"wp-block-paragraph\">L\u2019actuaci\u00f3 constitueix aix\u00ed un dels principals projectes de reconstrucci\u00f3 de Torrent despr\u00e9s de la DANA i permetr\u00e0 abordar de manera conjunta la recuperaci\u00f3 de les infraestructures municipals danyades en l\u2019entorn del pol\u00edgon industrial Mas del Jutge.<\/p>\n\n\n\n<figure class=\"wp-block-gallery has-nested-images columns-default is-cropped wp-block-gallery-1 is-layout-flex wp-block-gallery-is-layout-flex\">\n<figure class=\"wp-block-image size-large\"><img fetchpriority=\"high\" decoding=\"async\" width=\"1429\" height=\"857\" data-id=\"100711\" src=\"https:\/\/infotorrent.es\/wp-content\/uploads\/2026\/09\/foto1.jpeg\" alt=\"\" class=\"wp-image-100711\"\/><\/figure>\n\n\n\n<figure class=\"wp-block-image size-large\"><img decoding=\"async\" width=\"1600\" height=\"1066\" data-id=\"100707\" src=\"https:\/\/infotorrent.es\/wp-content\/uploads\/2026\/09\/foto2.jpeg\" alt=\"\" class=\"wp-image-100707\"\/><\/figure>\n\n\n\n<figure class=\"wp-block-image size-large\"><img decoding=\"async\" width=\"1600\" height=\"1066\" data-id=\"100713\" src=\"https:\/\/infotorrent.es\/wp-content\/uploads\/2026\/09\/foto3.jpeg\" alt=\"\" class=\"wp-image-100713\"\/><\/figure>\n\n\n\n<figure class=\"wp-block-image size-large\"><img loading=\"lazy\" decoding=\"async\" width=\"1600\" height=\"1066\" data-id=\"100715\" src=\"https:\/\/infotorrent.es\/wp-content\/uploads\/2026\/09\/foto4.jpeg\" alt=\"\" class=\"wp-image-100715\"\/><\/figure>\n\n\n\n<figure class=\"wp-block-image size-large\"><img loading=\"lazy\" decoding=\"async\" width=\"1600\" height=\"1066\" data-id=\"100709\" src=\"https:\/\/infotorrent.es\/wp-content\/uploads\/2026\/09\/foto5.jpeg\" alt=\"\" class=\"wp-image-100709\"\/><\/figure>\n\n\n\n<figure class=\"wp-block-image size-large\"><img loading=\"lazy\" decoding=\"async\" width=\"1600\" height=\"1066\" data-id=\"100717\" src=\"https:\/\/infotorrent.es\/wp-content\/uploads\/2026\/09\/foto6.jpeg\" alt=\"\" class=\"wp-image-100717\"\/><\/figure>\n\n\n\n<figure class=\"wp-block-image size-large\"><img loading=\"lazy\" decoding=\"async\" width=\"1600\" height=\"1066\" data-id=\"100719\" src=\"https:\/\/infotorrent.es\/wp-content\/uploads\/2026\/09\/foto7.jpeg\" alt=\"\" class=\"wp-image-100719\"\/><\/figure>\n\n\n\n<figure class=\"wp-block-image size-large\"><img loading=\"lazy\" decoding=\"async\" width=\"1600\" height=\"1066\" data-id=\"100721\" src=\"https:\/\/infotorrent.es\/wp-content\/uploads\/2026\/09\/foto8.jpeg\" alt=\"\" class=\"wp-image-100721\"\/><\/figure>\n\n\n\n<figure class=\"wp-block-image size-large\"><img loading=\"lazy\" decoding=\"async\" width=\"1600\" height=\"1066\" data-id=\"100723\" src=\"https:\/\/infotorrent.es\/wp-content\/uploads\/2026\/09\/foto9.jpeg\" alt=\"\" class=\"wp-image-100723\"\/><\/figure>\n<\/figure>\n","protected":false},"excerpt":{"rendered":"<p>L\u2019actuaci\u00f3 contempla l\u2019estabilitzaci\u00f3 dels vessants dels barrancsdel Poyo i l\u2019Horteta, la protecci\u00f3 davant d\u2019inundacions i la rehabilitaci\u00f3dels vials i accessos a l\u2019\u00e0rea industrial afectats per la DANA La reparaci\u00f3 i millora de la carretera principal del Mas del Jutge donar\u00e0resposta a les demandes d\u2019ASET i dels ve\u00efns i ve\u00efnes de Torrent que noten en el [&hellip;]<\/p>\n","protected":false},"author":22,"featured_media":100711,"comment_status":"open","ping_status":"open","sticky":false,"template":"","format":"standard","meta":{"_acf_changed":false,"footnotes":""},"categories":[1190,1217,133],"tags":[],"class_list":["post-100726","post","type-post","status-publish","format-standard","has-post-thumbnail","hentry","category-ayuntamiento-de-torrent-ca","category-dana-ca","category-urbanisme"],"acf":[],"_links":{"self":[{"href":"https:\/\/infotorrent.es\/ca\/wp-json\/wp\/v2\/posts\/100726","targetHints":{"allow":["GET"]}}],"collection":[{"href":"https:\/\/infotorrent.es\/ca\/wp-json\/wp\/v2\/posts"}],"about":[{"href":"https:\/\/infotorrent.es\/ca\/wp-json\/wp\/v2\/types\/post"}],"author":[{"embeddable":true,"href":"https:\/\/infotorrent.es\/ca\/wp-json\/wp\/v2\/users\/22"}],"replies":[{"embeddable":true,"href":"https:\/\/infotorrent.es\/ca\/wp-json\/wp\/v2\/comments?post=100726"}],"version-history":[{"count":1,"href":"https:\/\/infotorrent.es\/ca\/wp-json\/wp\/v2\/posts\/100726\/revisions"}],"predecessor-version":[{"id":100728,"href":"https:\/\/infotorrent.es\/ca\/wp-json\/wp\/v2\/posts\/100726\/revisions\/100728"}],"wp:featuredmedia":[{"embeddable":true,"href":"https:\/\/infotorrent.es\/ca\/wp-json\/wp\/v2\/media\/100711"}],"wp:attachment":[{"href":"https:\/\/infotorrent.es\/ca\/wp-json\/wp\/v2\/media?parent=100726"}],"wp:term":[{"taxonomy":"category","embeddable":true,"href":"https:\/\/infotorrent.es\/ca\/wp-json\/wp\/v2\/categories?post=100726"},{"taxonomy":"post_tag","embeddable":true,"href":"https:\/\/infotorrent.es\/ca\/wp-json\/wp\/v2\/tags?post=100726"}],"curies":[{"name":"wp","href":"https:\/\/api.w.org\/{rel}","templated":true}]}}