{"id":100701,"date":"2026-09-03T11:00:00","date_gmt":"2026-09-03T09:00:00","guid":{"rendered":"https:\/\/infotorrent.es\/?p=100701"},"modified":"2026-09-03T11:03:36","modified_gmt":"2026-09-03T09:03:36","slug":"agenda-de-la-ciutat-del-3-al-6-de-septembre","status":"publish","type":"post","link":"https:\/\/infotorrent.es\/ca\/agenda-2-ca\/agenda-de-la-ciutat-del-3-al-6-de-septembre\/","title":{"rendered":"Agenda de la Ciutat (Del 3 al 6 de Septembre)"},"content":{"rendered":"\n<h4 class=\"wp-block-heading\">La ciutat de Torrent es prepara per a viure un cap de setmana ple d\u2019esdeveniments per a tots els p\u00fablics, amb propostes culturals, esportives, musicals i tradicionals organitzades per associacions locals, falles, col\u00b7lectius ve\u00efnals i el mateix Ajuntament. a continuaci\u00f3, tots els actes detallats amb lloc i hora<\/h4>\n\n\n\n<p class=\"wp-block-paragraph\"><strong>\ud83d\udcc5 DIJOUS, 3 DE SETEMBRE<\/strong><\/p>\n\n\n\n<p class=\"wp-block-paragraph\">\ud83d\udd55 <strong>22:30 h<\/strong> | \ud83d\udd7a <em><strong>Nit de Playback<\/strong><\/em><br>\ud83d\udccd Carrer Federico Maicas<br>\ud83d\udc65 Organitza: Amics de la Cultura Andalusa de Torrent<\/p>\n\n\n\n<hr class=\"wp-block-separator has-alpha-channel-opacity\"\/>\n\n\n\n<p class=\"wp-block-paragraph\"><strong>\ud83d\udcc5 DIVENDRES, 4 DE SETEMBRE<\/strong><\/p>\n\n\n\n<p class=\"wp-block-paragraph\">\ud83d\udd55 <strong>19:00 h<\/strong> | \ud83d\udd7a <em><strong>Masterclass Fitness-Flamenc<\/strong><\/em><br>\ud83d\udccd Carrer Federico Maicas<br>\ud83d\udc65 Organitza: Amics de la Cultura Andalusa de Torrent<\/p>\n\n\n\n<p class=\"wp-block-paragraph\">\ud83d\udd55 <strong>22:00 h<\/strong> | \ud83c\udfa4 <em><strong>Actuaci\u00f3 del Cor Rociero del Centre<\/strong><\/em><br>\ud83d\udccd Carrer Federico Maicas<br>\ud83d\udc65 Organitza: Amics de la Cultura Andalusa de Torrent<\/p>\n\n\n\n<p class=\"wp-block-paragraph\">\ud83d\udd55 <strong>22:45 h<\/strong> | \ud83c\udfa4 <em><strong>Actuaci\u00f3 de l&#8217;Escola de Caix\u00f3 del Centre<\/strong><\/em><br>\ud83d\udccd Carrer Federico Maicas<br>\ud83d\udc65 Organitza: Amics de la Cultura Andalusa de Torrent<\/p>\n\n\n\n<p class=\"wp-block-paragraph\">\ud83d\udd55 <strong>23:30 h<\/strong> | \ud83c\udfa4 <em><strong>Actuaci\u00f3 dels Cantaors del Centre<\/strong><\/em><br>\ud83d\udccd Carrer Federico Maicas<br>\ud83d\udc65 Organitza: Amics de la Cultura Andalusa de Torrent<\/p>\n\n\n\n<p class=\"wp-block-paragraph\">\ud83d\udd55 <strong>23:45 h<\/strong> | \ud83d\udc83 <em><strong>Flamenc Viu<\/strong><\/em><br>\ud83c\udfa4 Al cant: Josel\u00edn Quir\u00f3s i Pilar Pacheco<br>\ud83d\udc83 Al ball: Lorena Mart\u00ednez<br>\ud83c\udfb8 A la guitarra: Juan de Pilar<br>\ud83d\udccd Carrer Federico Maicas<br>\ud83d\udc65 Organitza: Amics de la Cultura Andalusa de Torrent<\/p>\n\n\n\n<hr class=\"wp-block-separator has-alpha-channel-opacity\"\/>\n\n\n\n<p class=\"wp-block-paragraph\"><strong>\ud83d\udcc5 DISSABTE, 5 DE SETEMBRE<\/strong><\/p>\n\n\n\n<p class=\"wp-block-paragraph\">\ud83d\udd55 <strong>22:00 h<\/strong> | \ud83c\udfa4 <em><strong>Actuaci\u00f3 dels Quadres de Ball i de l&#8217;Escola de Flamenc i Sevillanes del Centre<\/strong><\/em><br>\ud83d\udccd Sala C\u00edvica Antic Mercat<br>\ud83d\udc65 Organitza: World Cube Association, amb la col\u00b7laboraci\u00f3 de l&#8217;Ajuntament de Torrent<\/p>\n\n\n\n<p class=\"wp-block-paragraph\">\ud83d\udd55 <strong>23:30 h<\/strong> | \ud83d\udc83 <em><strong>R\u00edo Esencia: Rumbes i Sevillanes<\/strong><\/em><br>\ud83d\udccd Carrer Federico Maicas<br>\ud83d\udc65 Organitza: Amics de la Cultura Andalusa de Torrent<\/p>\n\n\n\n<hr class=\"wp-block-separator has-alpha-channel-opacity\"\/>\n\n\n\n<p class=\"wp-block-paragraph\"><strong>\ud83d\udcc5 DIUMENGE, 6 DE SETEMBRE<\/strong><\/p>\n\n\n\n<p class=\"wp-block-paragraph\">\ud83d\udd55 <strong>11:30 h<\/strong> | \u271d\ufe0f <em><strong>Romeria en honor de la Mare de D\u00e9u del Roc\u00edo<\/strong><\/em><br>\ud83d\udccd Concentraci\u00f3 al carrer Federico Maicas amb destinaci\u00f3 a la Sagrada Fam\u00edlia<br>\ud83d\udc65 Organitza: Associaci\u00f3 Amics de la Cultura Andalusa<\/p>\n\n\n\n<p class=\"wp-block-paragraph\">\ud83d\udd55 <strong>12:00 h<\/strong> | \u271d\ufe0f <em><strong>Missa en honor de la Mare de D\u00e9u del Roc\u00edo<\/strong><\/em><br>\ud83d\udccd Esgl\u00e9sia de la Sagrada Fam\u00edlia<br>\ud83d\udc65 Organitza: Associaci\u00f3 Amics de la Cultura Andalusa<\/p>\n\n\n\n<p class=\"wp-block-paragraph\">\ud83d\udd55 <strong>12:00 h<\/strong> | \u271d\ufe0f <em><strong>Missa en honor de Sant Ramon<\/strong><\/em><br>\ud83d\udccd Esgl\u00e9sia de la Mare de D\u00e9u del Bon Consell<br>\ud83d\udc65 Organitza: Clavaris de Sant Ramon<\/p>\n\n\n\n<p class=\"wp-block-paragraph\">\ud83d\udd55 <strong>12:00 h<\/strong> | \u26bd <em><strong>Partit de futbol: Torrent C.F. \u2013 C.D. Espa\u00f1ol San Vicente<\/strong><\/em><br>\ud83d\udccd Camp de futbol Sant Gregori<br>\ud83d\udc65 Organitza: 2a RFEF<\/p>\n\n\n\n<p class=\"wp-block-paragraph\">\ud83d\udd55 <strong>20:00 h<\/strong> | \u271d\ufe0f <em><strong>Process\u00f3 en honor de Sant Ramon<\/strong><\/em><br>\ud83d\udccd Esgl\u00e9sia de la Mare de D\u00e9u del Bon Consell<br>\ud83d\udc65 Organitza: Clavaris de Sant Ramon<\/p>\n\n\n\n<figure class=\"wp-block-image size-full\"><img fetchpriority=\"high\" decoding=\"async\" width=\"1080\" height=\"1350\" src=\"https:\/\/infotorrent.es\/wp-content\/uploads\/2026\/09\/agenda-del-4-al-6.jpg\" alt=\"\" class=\"wp-image-100698\"\/><\/figure>\n","protected":false},"excerpt":{"rendered":"<p>La ciutat de Torrent es prepara per a viure un cap de setmana ple d\u2019esdeveniments per a tots els p\u00fablics, amb propostes culturals, esportives, musicals i tradicionals organitzades per associacions locals, falles, col\u00b7lectius ve\u00efnals i el mateix Ajuntament. a continuaci\u00f3, tots els actes detallats amb lloc i hora \ud83d\udcc5 DIJOUS, 3 DE SETEMBRE \ud83d\udd55 22:30 [&hellip;]<\/p>\n","protected":false},"author":22,"featured_media":100698,"comment_status":"open","ping_status":"open","sticky":false,"template":"","format":"standard","meta":{"_acf_changed":false,"footnotes":""},"categories":[1157,1190],"tags":[],"class_list":["post-100701","post","type-post","status-publish","format-standard","has-post-thumbnail","hentry","category-agenda-2-ca","category-ayuntamiento-de-torrent-ca"],"acf":[],"_links":{"self":[{"href":"https:\/\/infotorrent.es\/ca\/wp-json\/wp\/v2\/posts\/100701","targetHints":{"allow":["GET"]}}],"collection":[{"href":"https:\/\/infotorrent.es\/ca\/wp-json\/wp\/v2\/posts"}],"about":[{"href":"https:\/\/infotorrent.es\/ca\/wp-json\/wp\/v2\/types\/post"}],"author":[{"embeddable":true,"href":"https:\/\/infotorrent.es\/ca\/wp-json\/wp\/v2\/users\/22"}],"replies":[{"embeddable":true,"href":"https:\/\/infotorrent.es\/ca\/wp-json\/wp\/v2\/comments?post=100701"}],"version-history":[{"count":2,"href":"https:\/\/infotorrent.es\/ca\/wp-json\/wp\/v2\/posts\/100701\/revisions"}],"predecessor-version":[{"id":100704,"href":"https:\/\/infotorrent.es\/ca\/wp-json\/wp\/v2\/posts\/100701\/revisions\/100704"}],"wp:featuredmedia":[{"embeddable":true,"href":"https:\/\/infotorrent.es\/ca\/wp-json\/wp\/v2\/media\/100698"}],"wp:attachment":[{"href":"https:\/\/infotorrent.es\/ca\/wp-json\/wp\/v2\/media?parent=100701"}],"wp:term":[{"taxonomy":"category","embeddable":true,"href":"https:\/\/infotorrent.es\/ca\/wp-json\/wp\/v2\/categories?post=100701"},{"taxonomy":"post_tag","embeddable":true,"href":"https:\/\/infotorrent.es\/ca\/wp-json\/wp\/v2\/tags?post=100701"}],"curies":[{"name":"wp","href":"https:\/\/api.w.org\/{rel}","templated":true}]}}