{"id":10067,"date":"2018-09-04T12:33:28","date_gmt":"2018-09-04T12:33:28","guid":{"rendered":"https:\/\/infotorrent.es\/uncategorized\/torrent-revitalitzara-el-teixit-comercial-mitjancant-el-nou-pla-estrategic-dimpuls-i-modernitzacio\/"},"modified":"2018-09-04T12:30:59","modified_gmt":"2018-09-04T12:30:59","slug":"torrent-revitalitzara-el-teixit-comercial-mitjancant-el-nou-pla-estrategic-dimpuls-i-modernitzacio","status":"publish","type":"post","link":"https:\/\/infotorrent.es\/ca\/noticies\/torrent-revitalitzara-el-teixit-comercial-mitjancant-el-nou-pla-estrategic-dimpuls-i-modernitzacio\/","title":{"rendered":"Torrent revitalitzar\u00e0 el teixit comercial mitjan\u00e7ant el nou Pla Estrat\u00e8gic d&#8217;Impuls i Modernitzaci\u00f3"},"content":{"rendered":"<p style=\"text-align: justify;\"><strong>Amb este projecte s&#8217;estudiar\u00e0 la situaci\u00f3 del comer\u00e7 actual per a oferir avantatges enfront d&#8217;altres municipis<\/strong><\/p>\n<p style=\"text-align: justify;\"><span lang=\"CA\">L\u2019Ajuntament de Torrent ha signat el contracte per a la redacci\u00f3 d\u2019un Pla Estrat\u00e8gic d\u2019Impuls i Modernitzaci\u00f3 del Teixit Comercial de Torrent, que preveu els fonaments i les mesures necess\u00e0ries per a l\u2019impuls, la modernitzaci\u00f3 i revitalitzaci\u00f3 del teixit comercial (comer\u00e7, servei i hostaleria) de la ciutat. La iniciativa determinar\u00e0 el model comercial m\u00e9s adequat per a afavorir el paper que el comer\u00e7 ha de tindre sobre el municipi, amb la qual cosa s\u2019aconseguir\u00e0 <strong>\u201coferir millors serveis, aix\u00ed com col\u00b7locar Torrent en una situaci\u00f3 d\u2019avantatge davant d\u2019altres localitats perqu\u00e8 volem convertir-la en una ciutat comercialment atractiva\u201d<\/strong>, ha assenyalat el regidor de Recursos i Modernitzaci\u00f3, Andr\u00e9s Campos.<\/span><\/p>\n<p style=\"text-align: justify;\"><span lang=\"CA\">El projecte, integrat en el Pla Director Smart City de la EDUSI i cofinan\u00e7at amb fons europeus FEDER, descriur\u00e0, en primer lloc, la situaci\u00f3 actual del teixit comercial de la ciutat (caracter\u00edstiques i estructura), aix\u00ed com els aspectes socials, econ\u00f2micocomercials, urban\u00edstics i d\u2019altres que incidixen en el desenvolupament comercial del municipi. De la mateixa manera, inclour\u00e0 una an\u00e0lisi dels h\u00e0bits de consum i compra de la demanda potencial de la localitat i voltants (zona d\u2019influ\u00e8ncia comercial), aix\u00ed com de les tend\u00e8ncies generals i factors que influixen en la decisi\u00f3 de compra dels consumidors actuals. <strong>\u201cEl resultat de tot a\u00e7\u00f2 ser\u00e0 un diagn\u00f2stic de la situaci\u00f3 competitiva del comer\u00e7 local, amb la identificaci\u00f3 de les seues febleses, fortaleses, amenaces i oportunitats\u201d<\/strong>, conclou Andr\u00e9s Campos.<\/span><\/p>\n<p>&nbsp;<\/p>\n","protected":false},"excerpt":{"rendered":"<p>Amb este projecte s&#8217;estudiar\u00e0 la situaci\u00f3 del comer\u00e7 actual per a oferir avantatges enfront d&#8217;altres municipis L\u2019Ajuntament de Torrent ha signat el contracte per a la redacci\u00f3 d\u2019un Pla Estrat\u00e8gic d\u2019Impuls i Modernitzaci\u00f3 del Teixit Comercial de Torrent, que preveu els fonaments i les mesures necess\u00e0ries per a l\u2019impuls, la modernitzaci\u00f3 i revitalitzaci\u00f3 del teixit [&hellip;]<\/p>\n","protected":false},"author":3,"featured_media":1137,"comment_status":"closed","ping_status":"open","sticky":false,"template":"","format":"standard","meta":{"_acf_changed":false,"footnotes":""},"categories":[120,127,116],"tags":[],"class_list":["post-10067","post","type-post","status-publish","format-standard","has-post-thumbnail","hentry","category-economia","category-noticias-2","category-noticies"],"acf":[],"_links":{"self":[{"href":"https:\/\/infotorrent.es\/ca\/wp-json\/wp\/v2\/posts\/10067","targetHints":{"allow":["GET"]}}],"collection":[{"href":"https:\/\/infotorrent.es\/ca\/wp-json\/wp\/v2\/posts"}],"about":[{"href":"https:\/\/infotorrent.es\/ca\/wp-json\/wp\/v2\/types\/post"}],"author":[{"embeddable":true,"href":"https:\/\/infotorrent.es\/ca\/wp-json\/wp\/v2\/users\/3"}],"replies":[{"embeddable":true,"href":"https:\/\/infotorrent.es\/ca\/wp-json\/wp\/v2\/comments?post=10067"}],"version-history":[{"count":0,"href":"https:\/\/infotorrent.es\/ca\/wp-json\/wp\/v2\/posts\/10067\/revisions"}],"wp:featuredmedia":[{"embeddable":true,"href":"https:\/\/infotorrent.es\/ca\/wp-json\/wp\/v2\/media\/1137"}],"wp:attachment":[{"href":"https:\/\/infotorrent.es\/ca\/wp-json\/wp\/v2\/media?parent=10067"}],"wp:term":[{"taxonomy":"category","embeddable":true,"href":"https:\/\/infotorrent.es\/ca\/wp-json\/wp\/v2\/categories?post=10067"},{"taxonomy":"post_tag","embeddable":true,"href":"https:\/\/infotorrent.es\/ca\/wp-json\/wp\/v2\/tags?post=10067"}],"curies":[{"name":"wp","href":"https:\/\/api.w.org\/{rel}","templated":true}]}}