{"id":100668,"date":"2026-09-02T21:02:41","date_gmt":"2026-09-02T19:02:41","guid":{"rendered":"https:\/\/infotorrent.es\/?p=100668"},"modified":"2026-09-02T21:05:34","modified_gmt":"2026-09-02T19:05:34","slug":"torrent-mostra-la-seua-solidaritat-amb-ceuta-i-se-suma-a-la-crida-dels-ajuntaments-despanya-ceuta-no-esta-sola","status":"publish","type":"post","link":"https:\/\/infotorrent.es\/ca\/ayuntamiento-de-torrent-ca\/torrent-mostra-la-seua-solidaritat-amb-ceuta-i-se-suma-a-la-crida-dels-ajuntaments-despanya-ceuta-no-esta-sola\/","title":{"rendered":"Torrent mostra la seua solidaritat amb Ceuta i se suma a la crida dels ajuntaments d&#8217;Espanya: \u201cCeuta no est\u00e0 sola\u201d"},"content":{"rendered":"\n<p class=\"wp-block-paragraph\"><strong>M\u00e9s de 3.000 ciutadans mostren a Torrent la seua solidaritat amb Ceuta:<\/strong><\/p>\n\n\n\n<p class=\"wp-block-paragraph\"><strong>L&#8217;alcaldessa, Amparo Folgado, en nom de l&#8217;ajuntament, ha llegit el manifest impulsat per la FEMP durant una concentraci\u00f3 davant l&#8217;Ajuntament sota la pancarta \u201cTorrent amb el poble de Ceuta\u201d<\/strong><\/p>\n\n\n\n<p class=\"wp-block-paragraph\"><strong>Folgado: \u201cHui entre Torrent i Ceuta no hi ha dist\u00e0ncia. Som dos ciutats d&#8217;una dimensi\u00f3 molt semblant i darrere de cada xifra hi ha fam\u00edlies, treballadors, comer\u00e7os, col\u00b7legis i servicis p\u00fablics que necessiten sentir que la resta d&#8217;Espanya est\u00e0 al seu costat\u201d<\/strong><\/p>\n\n\n\n<p class=\"wp-block-paragraph\">L&#8217;Ajuntament de Torrent i la ciutadania torrentina, en m\u00e9s de 3.000 asistents han mostrat esta vesprada el seu suport i solidaritat amb el poble de Ceuta, sumant-se a la convocat\u00f2ria promoguda per la Federaci\u00f3 Espanyola de Municipis i Prov\u00edncies (FEMP) amb motiu del Dia de Ceuta, celebrat este 2 de setembre.<\/p>\n\n\n\n<p class=\"wp-block-paragraph\">L&#8217;alcaldessa de Torrent, Amparo Folgado, acompanyada per membres de l&#8217;equip de govern, ha participat en la concentraci\u00f3 celebrada davant l&#8217;Ajuntament sota la pancarta \u201cTorrent amb el poble de Ceuta\u201d, en un gest de suport a la ciutat aut\u00f2noma i als seus ve\u00efns davant l&#8217;extraordin\u00e0ria situaci\u00f3 que travessen.<\/p>\n\n\n\n<p class=\"wp-block-paragraph\">Durant l&#8217;acte, Folgado ha sigut l&#8217;encarregada de donar lectura al manifest \u201cCeuta som tots. Manifest dels ajuntaments d&#8217;Espanya en suport a Ceuta i als de Ceuta\u201d, impulsat per la FEMP per a traslladar des del municipalisme espanyol un missatge com\u00fa de solidaritat, unitat i suport a la poblaci\u00f3 de Ceuta.<\/p>\n\n\n\n<p class=\"wp-block-paragraph\">La concentraci\u00f3 de Torrent s&#8217;ha sumat aix\u00ed a la crida realitzada per la FEMP als 8.132 ajuntaments espanyols perqu\u00e8 este 2 de setembre, Dia de Ceuta, expressaren p\u00fablicament el seu suport a la ciutat aut\u00f2noma i als seus ciutadans, una convocat\u00f2ria a la qual tamb\u00e9 s&#8217;ha adherit la Federaci\u00f3 Valenciana de Municipis i Prov\u00edncies (FVMP). La lectura del manifest s&#8217;ha realitzat a Torrent a les 20.00 hores, de manera simult\u00e0nia a les concentracions convocades en tota Espanya i coincidint amb la seua lectura a Ceuta per part del president de la Ciutat Aut\u00f2noma, Juan Jos\u00e9 Vivas. En finalitzar la lectura del manifest, l&#8217;acte ha concl\u00f2s amb la interpretaci\u00f3 de l&#8217;Himne Nacional d&#8217;Espanya.<\/p>\n\n\n\n<p class=\"wp-block-paragraph\"><strong>\u201cCeuta no est\u00e0 sola\u201d<\/strong><\/p>\n\n\n\n<p class=\"wp-block-paragraph\">En la seua lectura, l&#8217;alcaldessa ha traslladat alguns dels missatges m\u00e9s contundents del manifest: <strong>\u201cCeuta no est\u00e0 sola. Ceuta: eres i ser\u00e0s sempre Espanya\u201d<\/strong>, al mateix temps que ha reivindicat el suport de les ciutats i pobles espanyols a una societat que est\u00e0 afrontant una pressi\u00f3 extraordin\u00e0ria sobre els seus recursos, servicis p\u00fablics i vida quotidiana.<\/p>\n\n\n\n<p class=\"wp-block-paragraph\">El text reconeix especialment l&#8217;actitud dels propis de Ceuta davant esta situaci\u00f3 i expressa l&#8217;agra\u00efment dels municipis espanyols als qui es troben treballant en primera l\u00ednia per a garantir la seguretat, l&#8217;atenci\u00f3 a les persones, els servicis essencials i la conviv\u00e8ncia.<\/p>\n\n\n\n<p class=\"wp-block-paragraph\">Aix\u00ed, el manifest proclama: <strong>\u201cEl nostre reconeixement a la societat de Ceuta per la serenitat, responsabilitat i solidaritat demostrades davant una situaci\u00f3 extraordin\u00e0ria. Ceuta ha donat un exemple al conjunt d&#8217;Espanya\u201d.<\/strong><\/p>\n\n\n\n<p class=\"wp-block-paragraph\">Igualment, els ajuntaments mostren la seua gratitud a les Forces i Cossos de Seguretat, Forces Armades, sanitaris, professionals dels servicis socials, empleats p\u00fablics, entitats humanit\u00e0ries i voluntaris que continuen desenrotllant la seua labor a la ciutat.<\/p>\n\n\n\n<p class=\"wp-block-paragraph\">El document reclama una resposta d&#8217;Estat i un comprom\u00eds ferm de totes les administracions i de la Uni\u00f3 Europea, recordant la condici\u00f3 de Ceuta com a frontera exterior europea i defenent que la ciutat no pot afrontar en solitari una situaci\u00f3 d&#8217;esta magnitud.<\/p>\n\n\n\n<p class=\"wp-block-paragraph\">Al mateix temps, el manifest realitza una defensa expressa de la conviv\u00e8ncia i del respecte a la dignitat de totes les persones: <strong>\u201cRebutgem qualsevol forma d&#8217;odi, racisme o enfrontament\u201d<\/strong>, apel\u00b7lant a conjugar el respecte als drets humans amb la legalitat, la seguretat i la protecci\u00f3 de les fronteres.<\/p>\n\n\n\n<p class=\"wp-block-paragraph\"><strong>Torrent i Ceuta, dos ciutats pr\u00f2ximes tamb\u00e9 en poblaci\u00f3<\/strong><\/p>\n\n\n\n<p class=\"wp-block-paragraph\">L&#8217;alcaldessa ha volgut destacar tamb\u00e9 la proximitat que, des de l&#8217;\u00e0mbit municipal, pot sentir Torrent cap a Ceuta. Les dos s\u00f3n ciutats de dimensions demogr\u00e0fiques molt similars: Torrent compta amb al voltant de 100.000 habitants i Ceuta amb prop de 84.000.<\/p>\n\n\n\n<p class=\"wp-block-paragraph\"><strong>\u201cQuan parlem de Ceuta no estem parlant \u00fanicament d&#8217;un punt en el mapa o d&#8217;una frontera. Estem parlant d&#8217;una ciutat d&#8217;una dimensi\u00f3 molt semblant a Torrent; de milers de fam\u00edlies que volen al\u00e7ar-se cada mat\u00ed, portar als seus fills al col\u00b7legi, obrir els seus negocis, acudir a treballar i desenrotllar la seua vida amb seguretat i normalitat\u201d<\/strong>, ha assenyalat Folgado.<\/p>\n\n\n\n<p class=\"wp-block-paragraph\">L&#8217;alcaldessa ha subratllat que <strong>\u201ceixa dimensi\u00f3 humana \u00e9s la que ha d&#8217;estar sempre per damunt de qualsevol debat. Hui Torrent vol que els de Ceuta s\u00e0pien que hi ha una ciutat a centenars de quil\u00f2metres que pensa en ells, que compr\u00e9n la seua preocupaci\u00f3 i que els envia el carinyo i la solidaritat de tots els torrentinos\u201d.<\/strong><\/p>\n\n\n\n<p class=\"wp-block-paragraph\"><strong>\u201cQuan una part d&#8217;Espanya patix, tota Espanya respon\u201d<\/strong><\/p>\n\n\n\n<p class=\"wp-block-paragraph\">El manifest llegit a Torrent conclou amb una crida a la unitat dels municipis espanyols al voltant de Ceuta: <strong>\u201cCeuta no est\u00e0 sola. Els de Ceuta no estan solos. Espanya est\u00e0 amb Ceuta. Quan una part d&#8217;Espanya patix, tota Espanya respon\u201d.<\/strong><\/p>\n\n\n\n<p class=\"wp-block-paragraph\">Folgado ha incidit, despr\u00e9s de la lectura, en el valor del municipalisme en moments de dificultat. <strong>\u201cEls ajuntaments som l&#8217;administraci\u00f3 m\u00e9s pr\u00f2xima a les persones i sabem que hi ha moments en els quals hem de ser capa\u00e7os de mirar m\u00e9s enll\u00e0 del nostre terme municipal. Hui hem volgut fer arribar fins a Ceuta un missatge senzill per\u00f2 molt important: estem amb vosaltres, amb el seu president, Juan Jos\u00e9 Vivas, i amb tots els seus ve\u00efns i fam\u00edlies de Ceuta que estan vivint estos dies amb preocupaci\u00f3 i incertesa\u201d.<\/strong><\/p>\n\n\n\n<p class=\"wp-block-paragraph\"><strong>\u201cHi ha quil\u00f2metres entre Torrent i Ceuta, per\u00f2 hui no hi ha dist\u00e0ncia. Hi ha solidaritat, respecte i un sentiment compartit que cap ciutat ha d&#8217;afrontar sola una situaci\u00f3 extraordin\u00e0ria. Des de l&#8217;Ajuntament de Torrent enviem a cada de Ceuta el nostre suport i el nostre desig que la normalitat puga recuperar-se com m\u00e9s prompte millor\u201d<\/strong>, ha concl\u00f2s l&#8217;alcaldessa.<\/p>\n\n\n\n<figure class=\"wp-block-image size-large\"><img fetchpriority=\"high\" decoding=\"async\" width=\"1024\" height=\"768\" src=\"https:\/\/infotorrent.es\/wp-content\/uploads\/2026\/09\/3-1-1024x768.jpg\" alt=\"\" class=\"wp-image-100669\" srcset=\"https:\/\/infotorrent.es\/wp-content\/uploads\/2026\/09\/3-1-1024x768.jpg 1024w, https:\/\/infotorrent.es\/wp-content\/uploads\/2026\/09\/3-1-300x225.jpg 300w, https:\/\/infotorrent.es\/wp-content\/uploads\/2026\/09\/3-1-768x576.jpg 768w, https:\/\/infotorrent.es\/wp-content\/uploads\/2026\/09\/3-1-1536x1152.jpg 1536w, https:\/\/infotorrent.es\/wp-content\/uploads\/2026\/09\/3-1.jpg 2048w\" sizes=\"(max-width: 1024px) 100vw, 1024px\" \/><\/figure>\n\n\n\n<figure class=\"wp-block-gallery has-nested-images columns-default is-cropped wp-block-gallery-1 is-layout-flex wp-block-gallery-is-layout-flex\">\n<figure class=\"wp-block-image size-large\"><img decoding=\"async\" width=\"1024\" height=\"768\" data-id=\"100671\" src=\"https:\/\/infotorrent.es\/wp-content\/uploads\/2026\/09\/7-1-1024x768.jpg\" alt=\"\" class=\"wp-image-100671\" srcset=\"https:\/\/infotorrent.es\/wp-content\/uploads\/2026\/09\/7-1-1024x768.jpg 1024w, https:\/\/infotorrent.es\/wp-content\/uploads\/2026\/09\/7-1-300x225.jpg 300w, https:\/\/infotorrent.es\/wp-content\/uploads\/2026\/09\/7-1-768x576.jpg 768w, https:\/\/infotorrent.es\/wp-content\/uploads\/2026\/09\/7-1-1536x1152.jpg 1536w, https:\/\/infotorrent.es\/wp-content\/uploads\/2026\/09\/7-1.jpg 1600w\" sizes=\"(max-width: 1024px) 100vw, 1024px\" \/><\/figure>\n\n\n\n<figure class=\"wp-block-image size-large\"><img decoding=\"async\" width=\"1024\" height=\"768\" data-id=\"100673\" src=\"https:\/\/infotorrent.es\/wp-content\/uploads\/2026\/09\/4-1-1024x768.jpg\" alt=\"\" class=\"wp-image-100673\" srcset=\"https:\/\/infotorrent.es\/wp-content\/uploads\/2026\/09\/4-1-1024x768.jpg 1024w, https:\/\/infotorrent.es\/wp-content\/uploads\/2026\/09\/4-1-300x225.jpg 300w, https:\/\/infotorrent.es\/wp-content\/uploads\/2026\/09\/4-1-768x576.jpg 768w, https:\/\/infotorrent.es\/wp-content\/uploads\/2026\/09\/4-1-1536x1152.jpg 1536w, https:\/\/infotorrent.es\/wp-content\/uploads\/2026\/09\/4-1.jpg 2048w\" sizes=\"(max-width: 1024px) 100vw, 1024px\" \/><\/figure>\n<\/figure>\n\n\n\n<figure class=\"wp-block-image size-large\"><img loading=\"lazy\" decoding=\"async\" width=\"1024\" height=\"682\" src=\"https:\/\/infotorrent.es\/wp-content\/uploads\/2026\/09\/20-1-1024x682.jpg\" alt=\"\" class=\"wp-image-100675\" srcset=\"https:\/\/infotorrent.es\/wp-content\/uploads\/2026\/09\/20-1-1024x682.jpg 1024w, https:\/\/infotorrent.es\/wp-content\/uploads\/2026\/09\/20-1-300x200.jpg 300w, https:\/\/infotorrent.es\/wp-content\/uploads\/2026\/09\/20-1-768x512.jpg 768w, https:\/\/infotorrent.es\/wp-content\/uploads\/2026\/09\/20-1-1536x1023.jpg 1536w, https:\/\/infotorrent.es\/wp-content\/uploads\/2026\/09\/20-1.jpg 1600w\" sizes=\"(max-width: 1024px) 100vw, 1024px\" \/><\/figure>\n\n\n\n<figure class=\"wp-block-gallery has-nested-images columns-default is-cropped wp-block-gallery-2 is-layout-flex wp-block-gallery-is-layout-flex\">\n<figure class=\"wp-block-image size-large\"><img loading=\"lazy\" decoding=\"async\" width=\"1024\" height=\"682\" data-id=\"100679\" src=\"https:\/\/infotorrent.es\/wp-content\/uploads\/2026\/09\/18-2-1024x682.jpg\" alt=\"\" class=\"wp-image-100679\" srcset=\"https:\/\/infotorrent.es\/wp-content\/uploads\/2026\/09\/18-2-1024x682.jpg 1024w, https:\/\/infotorrent.es\/wp-content\/uploads\/2026\/09\/18-2-300x200.jpg 300w, https:\/\/infotorrent.es\/wp-content\/uploads\/2026\/09\/18-2-768x512.jpg 768w, https:\/\/infotorrent.es\/wp-content\/uploads\/2026\/09\/18-2-1536x1023.jpg 1536w, https:\/\/infotorrent.es\/wp-content\/uploads\/2026\/09\/18-2.jpg 1600w\" sizes=\"(max-width: 1024px) 100vw, 1024px\" \/><\/figure>\n\n\n\n<figure class=\"wp-block-image size-large\"><img loading=\"lazy\" decoding=\"async\" width=\"1024\" height=\"682\" data-id=\"100681\" src=\"https:\/\/infotorrent.es\/wp-content\/uploads\/2026\/09\/12-2-1024x682.jpg\" alt=\"\" class=\"wp-image-100681\" srcset=\"https:\/\/infotorrent.es\/wp-content\/uploads\/2026\/09\/12-2-1024x682.jpg 1024w, https:\/\/infotorrent.es\/wp-content\/uploads\/2026\/09\/12-2-300x200.jpg 300w, https:\/\/infotorrent.es\/wp-content\/uploads\/2026\/09\/12-2-768x512.jpg 768w, https:\/\/infotorrent.es\/wp-content\/uploads\/2026\/09\/12-2-1536x1023.jpg 1536w, https:\/\/infotorrent.es\/wp-content\/uploads\/2026\/09\/12-2.jpg 1600w\" sizes=\"(max-width: 1024px) 100vw, 1024px\" \/><\/figure>\n<\/figure>\n\n\n\n<figure class=\"wp-block-image size-large\"><img loading=\"lazy\" decoding=\"async\" width=\"1024\" height=\"682\" src=\"https:\/\/infotorrent.es\/wp-content\/uploads\/2026\/09\/15-2-1024x682.jpg\" alt=\"\" class=\"wp-image-100685\" srcset=\"https:\/\/infotorrent.es\/wp-content\/uploads\/2026\/09\/15-2-1024x682.jpg 1024w, https:\/\/infotorrent.es\/wp-content\/uploads\/2026\/09\/15-2-300x200.jpg 300w, https:\/\/infotorrent.es\/wp-content\/uploads\/2026\/09\/15-2-768x512.jpg 768w, https:\/\/infotorrent.es\/wp-content\/uploads\/2026\/09\/15-2-1536x1023.jpg 1536w, https:\/\/infotorrent.es\/wp-content\/uploads\/2026\/09\/15-2.jpg 1600w\" sizes=\"(max-width: 1024px) 100vw, 1024px\" \/><\/figure>\n\n\n\n<figure class=\"wp-block-gallery has-nested-images columns-default is-cropped wp-block-gallery-3 is-layout-flex wp-block-gallery-is-layout-flex\">\n<figure class=\"wp-block-image size-large\"><img loading=\"lazy\" decoding=\"async\" width=\"1024\" height=\"682\" data-id=\"100687\" src=\"https:\/\/infotorrent.es\/wp-content\/uploads\/2026\/09\/13-1-1024x682.jpg\" alt=\"\" class=\"wp-image-100687\" srcset=\"https:\/\/infotorrent.es\/wp-content\/uploads\/2026\/09\/13-1-1024x682.jpg 1024w, https:\/\/infotorrent.es\/wp-content\/uploads\/2026\/09\/13-1-300x200.jpg 300w, https:\/\/infotorrent.es\/wp-content\/uploads\/2026\/09\/13-1-768x512.jpg 768w, https:\/\/infotorrent.es\/wp-content\/uploads\/2026\/09\/13-1-1536x1023.jpg 1536w, https:\/\/infotorrent.es\/wp-content\/uploads\/2026\/09\/13-1.jpg 1600w\" sizes=\"(max-width: 1024px) 100vw, 1024px\" \/><\/figure>\n<\/figure>\n\n\n\n<figure class=\"wp-block-image size-large\"><img loading=\"lazy\" decoding=\"async\" width=\"1024\" height=\"682\" src=\"https:\/\/infotorrent.es\/wp-content\/uploads\/2026\/09\/17-1-1024x682.jpg\" alt=\"\" class=\"wp-image-100689\" srcset=\"https:\/\/infotorrent.es\/wp-content\/uploads\/2026\/09\/17-1-1024x682.jpg 1024w, https:\/\/infotorrent.es\/wp-content\/uploads\/2026\/09\/17-1-300x200.jpg 300w, https:\/\/infotorrent.es\/wp-content\/uploads\/2026\/09\/17-1-768x512.jpg 768w, https:\/\/infotorrent.es\/wp-content\/uploads\/2026\/09\/17-1-1536x1023.jpg 1536w, https:\/\/infotorrent.es\/wp-content\/uploads\/2026\/09\/17-1.jpg 1600w\" sizes=\"(max-width: 1024px) 100vw, 1024px\" \/><\/figure>\n","protected":false},"excerpt":{"rendered":"<p>M\u00e9s de 3.000 ciutadans mostren a Torrent la seua solidaritat amb Ceuta: L&#8217;alcaldessa, Amparo Folgado, en nom de l&#8217;ajuntament, ha llegit el manifest impulsat per la FEMP durant una concentraci\u00f3 davant l&#8217;Ajuntament sota la pancarta \u201cTorrent amb el poble de Ceuta\u201d Folgado: \u201cHui entre Torrent i Ceuta no hi ha dist\u00e0ncia. Som dos ciutats d&#8217;una [&hellip;]<\/p>\n","protected":false},"author":20,"featured_media":100691,"comment_status":"open","ping_status":"open","sticky":false,"template":"","format":"standard","meta":{"_acf_changed":false,"footnotes":""},"categories":[1190,141],"tags":[],"class_list":["post-100668","post","type-post","status-publish","format-standard","has-post-thumbnail","hentry","category-ayuntamiento-de-torrent-ca","category-alcaldia-2"],"acf":[],"_links":{"self":[{"href":"https:\/\/infotorrent.es\/ca\/wp-json\/wp\/v2\/posts\/100668","targetHints":{"allow":["GET"]}}],"collection":[{"href":"https:\/\/infotorrent.es\/ca\/wp-json\/wp\/v2\/posts"}],"about":[{"href":"https:\/\/infotorrent.es\/ca\/wp-json\/wp\/v2\/types\/post"}],"author":[{"embeddable":true,"href":"https:\/\/infotorrent.es\/ca\/wp-json\/wp\/v2\/users\/20"}],"replies":[{"embeddable":true,"href":"https:\/\/infotorrent.es\/ca\/wp-json\/wp\/v2\/comments?post=100668"}],"version-history":[{"count":1,"href":"https:\/\/infotorrent.es\/ca\/wp-json\/wp\/v2\/posts\/100668\/revisions"}],"predecessor-version":[{"id":100692,"href":"https:\/\/infotorrent.es\/ca\/wp-json\/wp\/v2\/posts\/100668\/revisions\/100692"}],"wp:featuredmedia":[{"embeddable":true,"href":"https:\/\/infotorrent.es\/ca\/wp-json\/wp\/v2\/media\/100691"}],"wp:attachment":[{"href":"https:\/\/infotorrent.es\/ca\/wp-json\/wp\/v2\/media?parent=100668"}],"wp:term":[{"taxonomy":"category","embeddable":true,"href":"https:\/\/infotorrent.es\/ca\/wp-json\/wp\/v2\/categories?post=100668"},{"taxonomy":"post_tag","embeddable":true,"href":"https:\/\/infotorrent.es\/ca\/wp-json\/wp\/v2\/tags?post=100668"}],"curies":[{"name":"wp","href":"https:\/\/api.w.org\/{rel}","templated":true}]}}