{"id":100606,"date":"2026-09-01T13:18:19","date_gmt":"2026-09-01T11:18:19","guid":{"rendered":"https:\/\/infotorrent.es\/?p=100606"},"modified":"2026-09-01T13:38:54","modified_gmt":"2026-09-01T11:38:54","slug":"torrent-installa-35-nous-avisadors-acustics-per-a-millorar-la-seguretat-i-autonomia-de-les-persones-amb-discapacitat-visual","status":"publish","type":"post","link":"https:\/\/infotorrent.es\/ca\/noticies\/seguretat-ciutadana\/torrent-installa-35-nous-avisadors-acustics-per-a-millorar-la-seguretat-i-autonomia-de-les-persones-amb-discapacitat-visual\/","title":{"rendered":"Torrent instal\u00b7la 35 nous avisadors ac\u00fastics per a millorar la seguretat i autonomia de les persones amb discapacitat visual"},"content":{"rendered":"\n<p class=\"wp-block-paragraph\"><strong>L&#8217;actuaci\u00f3 compta amb una subvenci\u00f3 de la Generalitat Valenciana<\/strong><\/p>\n\n\n\n<p class=\"wp-block-paragraph\"><strong>L&#8217;Ajuntament continua avan\u00e7ant en el Pla Director d&#8217;Accessibilitat Universal amb la millora de la xarxa semaf\u00f2rica en punts estrat\u00e8gics de la ciutat<\/strong><\/p>\n\n\n\n<p class=\"wp-block-paragraph\">L&#8217;Ajuntament de Torrent est\u00e0 instal\u00b7lant 35 avisadors ac\u00fastics en la xarxa semaf\u00f2rica municipal amb l&#8217;objectiu de millorar la seguretat, l&#8217;autonomia i els despla\u00e7aments de les persones amb discapacitat visual per la ciutat. L&#8217;actuaci\u00f3 permetr\u00e0 renovar i refor\u00e7ar la senyalitzaci\u00f3 accessible en diferents punts del nucli urb\u00e0, especialment en itineraris i encreuaments considerats prioritaris.<\/p>\n\n\n\n<p class=\"wp-block-paragraph\">El projecte forma part de l&#8217;estrat\u00e8gia municipal per a continuar eliminant barreres en l&#8217;espai p\u00fablic i avan\u00e7ar cap a una mobilitat m\u00e9s accessible. La mem\u00f2ria elaborada pel Servici de Mobilitat assenyala la necessitat d&#8217;actuar sobre creus d&#8217;elevada concurr\u00e8ncia i contempla com a objectiu la modernitzaci\u00f3 de la xarxa semaf\u00f2rica per a garantir una major autonomia i seguretat a les persones amb discapacitat visual.<\/p>\n\n\n\n<p class=\"wp-block-paragraph\">L&#8217;actuaci\u00f3 ha contemplat la instal\u00b7laci\u00f3 de 35 avisadors ac\u00fastics, amb una inversi\u00f3 municipal 18.100,39 euros.<\/p>\n\n\n\n<p class=\"wp-block-paragraph\"><strong>La Generalitat dona suport a la millora de l&#8217;accessibilitat en la xarxa semaf\u00f2rica de Torrent<\/strong><\/p>\n\n\n\n<p class=\"wp-block-paragraph\">El projecte compta amb el suport de la Generalitat Valenciana, a trav\u00e9s de la Conselleria de Servicis Socials, Fam\u00edlia i Inf\u00e0ncia, que ha concedit a l&#8217;Ajuntament de Torrent una subvenci\u00f3 de 10.884 euros per a la modernitzaci\u00f3 de la xarxa semaf\u00f2rica mitjan\u00e7ant sistemes de comunicaci\u00f3 destinats a persones amb discapacitat visual. L&#8217;ajuda va ser concedida el passat 5 d&#8217;agost.<\/p>\n\n\n\n<p class=\"wp-block-paragraph\">La subvenci\u00f3 s&#8217;emmarca en la convocat\u00f2ria auton\u00f2mica destinada a millorar les condicions d&#8217;accessibilitat a l&#8217;entorn f\u00edsic i de la comunicaci\u00f3, dirigida, entre altres actuacions, a implantar sistemes que facen m\u00e9s accessibles els espais i elements d&#8217;\u00fas p\u00fablic.<\/p>\n\n\n\n<p class=\"wp-block-paragraph\">L&#8217;alcaldessa de Torrent, Amparo Folgado, ha destacat que&nbsp;<strong>\u201camb esta actuaci\u00f3 continuem fent de Torrent una ciutat m\u00e9s accessible, segura i inclusiva, posant la tecnologia i els servicis p\u00fablics al servici de les persones. Poder travessar un carrer o un encreuament amb major seguretat i autonomia \u00e9s una cosa quotidiana per a molts ve\u00efns, per\u00f2 per a una persona amb discapacitat visual suposa avan\u00e7ar en igualtat i en llibertat\u201d.<\/strong><\/p>\n\n\n\n<p class=\"wp-block-paragraph\">Folgado ha afegit que&nbsp;<strong>\u201cl&#8217;accessibilitat ha de ser present en cada decisi\u00f3 que prenguem sobre el nostre espai p\u00fablic. El nostre objectiu \u00e9s eliminar barreres i aconseguir que qualsevol ve\u00ed puga despla\u00e7ar-se per Torrent amb la major autonomia possible, independentment de les seues capacitats\u201d.<\/strong><\/p>\n\n\n\n<p class=\"wp-block-paragraph\"><strong>Actuacions en els principals itineraris de la ciutat<\/strong><\/p>\n\n\n\n<p class=\"wp-block-paragraph\">L&#8217;Ajuntament ha realitzat pr\u00e8viament una an\u00e0lisi de la xarxa semaf\u00f2rica i de les necessitats existents. Torrent compta actualment amb 37 avisadors ac\u00fastics per a persones amb discapacitat visual, instal\u00b7lats majorit\u00e0riament en alguns dels principals eixos de la ciutat, com l&#8217;avinguda al Vedat, Pare M\u00e9ndez, l&#8217;avinguda Joan Carles I, la carretera de Picanya i Cam\u00ed Reial.<\/p>\n\n\n\n<p class=\"wp-block-paragraph\">Els 35 nous avisadors s&#8217;estan instal\u00b7lant en diferents creus de la ciutat, entre ells els del carrer Val\u00e8ncia amb el carrer Jes\u00fas i amb l&#8217;entorn de Cam\u00ed Reial, Mariano Puig Yago i Hern\u00e1ndez Malillos; diferents punts de l&#8217;avinguda al Vedat, en les seues creus amb Pintor Ribera i Idil\u00b7li Gimeno, 25 d\u2019Abril i els carrers l&#8217;Eliana i Lope de Rueda; aix\u00ed com en Jos\u00e9 Iturbi amb M\u00fasic Andr\u00e9s Navarro, Pare M\u00e9ndez amb Comare Pilar Mart\u00ed \u2014al costat de l&#8217;IES Marxadella\u2014, G\u00f3mez Ferrer amb Sant Marcos i l&#8217;avinguda Joan Carles I amb l&#8217;avinguda Ol\u00edmpica.<\/p>\n\n\n\n<p class=\"wp-block-paragraph\">La nova actuaci\u00f3 permet continuar modernitzant i millorant la xarxa semaf\u00f2rica dins de les l\u00ednies establides pel Pla Director d&#8217;Accessibilitat Universal 2025-2030 i el Pla de Mobilitat Urbana Sostenible.<\/p>\n\n\n\n<p class=\"wp-block-paragraph\">La regidora de Mobilitat, Adelina Gonz\u00e1lez, ha explicat que&nbsp;<strong>\u201chem treballat a partir de les necessitats reals detectades en la xarxa semaf\u00f2rica per a actuar all\u00ed on esta millora pot resultar m\u00e9s necess\u00e0ria. Estos 35 avisadors permetran refor\u00e7ar la seguretat de les persones amb discapacitat visual i facilitar els seus despla\u00e7aments quotidians per Torrent\u201d.<\/strong><\/p>\n\n\n\n<p class=\"wp-block-paragraph\">Gonz\u00e1lez ha assenyalat a m\u00e9s que&nbsp;<strong>\u201cno es tracta \u00fanicament d&#8217;instal\u00b7lar dispositius, sin\u00f3 de continuar transformant la ciutat des de la perspectiva de l&#8217;accessibilitat. Volem que els nostres itineraris per als vianants siguen cada vegada m\u00e9s segurs i que les persones amb discapacitat visual puguen moure&#8217;s amb major independ\u00e8ncia i confian\u00e7a pels nostres carrers\u201d.<\/strong><\/p>\n\n\n\n<p class=\"wp-block-paragraph\">L&#8217;actuaci\u00f3 s&#8217;integra aix\u00ed en el comprom\u00eds de l&#8217;Ajuntament de Torrent amb l&#8217;accessibilitat universal, la mobilitat per als vianants i l&#8217;eliminaci\u00f3 progressiva de barreres, prioritzant mesures que tinguen una repercussi\u00f3 directa en la seguretat i qualitat de vida dels ve\u00efns.<\/p>\n\n\n\n<figure class=\"wp-block-image size-large\"><img fetchpriority=\"high\" decoding=\"async\" width=\"1024\" height=\"768\" src=\"https:\/\/infotorrent.es\/wp-content\/uploads\/2026\/09\/5-83-1024x768.jpg\" alt=\"\" class=\"wp-image-100603\" srcset=\"https:\/\/infotorrent.es\/wp-content\/uploads\/2026\/09\/5-83-1024x768.jpg 1024w, https:\/\/infotorrent.es\/wp-content\/uploads\/2026\/09\/5-83-300x225.jpg 300w, https:\/\/infotorrent.es\/wp-content\/uploads\/2026\/09\/5-83-768x576.jpg 768w, https:\/\/infotorrent.es\/wp-content\/uploads\/2026\/09\/5-83-1536x1152.jpg 1536w, https:\/\/infotorrent.es\/wp-content\/uploads\/2026\/09\/5-83.jpg 1600w\" sizes=\"(max-width: 1024px) 100vw, 1024px\" \/><\/figure>\n\n\n\n<figure class=\"wp-block-gallery has-nested-images columns-default is-cropped wp-block-gallery-1 is-layout-flex wp-block-gallery-is-layout-flex\">\n<figure class=\"wp-block-image size-large\"><img decoding=\"async\" width=\"768\" height=\"1024\" data-id=\"100601\" src=\"https:\/\/infotorrent.es\/wp-content\/uploads\/2026\/09\/3-2026-09-01T131229.876-768x1024.jpg\" alt=\"\" class=\"wp-image-100601\" srcset=\"https:\/\/infotorrent.es\/wp-content\/uploads\/2026\/09\/3-2026-09-01T131229.876-768x1024.jpg 768w, https:\/\/infotorrent.es\/wp-content\/uploads\/2026\/09\/3-2026-09-01T131229.876-225x300.jpg 225w, https:\/\/infotorrent.es\/wp-content\/uploads\/2026\/09\/3-2026-09-01T131229.876-1152x1536.jpg 1152w, https:\/\/infotorrent.es\/wp-content\/uploads\/2026\/09\/3-2026-09-01T131229.876.jpg 1536w\" sizes=\"(max-width: 768px) 100vw, 768px\" \/><\/figure>\n\n\n\n<figure class=\"wp-block-image size-large\"><img decoding=\"async\" width=\"768\" height=\"1024\" data-id=\"100595\" src=\"https:\/\/infotorrent.es\/wp-content\/uploads\/2026\/09\/1-2026-09-01T131233.893-768x1024.jpg\" alt=\"\" class=\"wp-image-100595\" srcset=\"https:\/\/infotorrent.es\/wp-content\/uploads\/2026\/09\/1-2026-09-01T131233.893-768x1024.jpg 768w, https:\/\/infotorrent.es\/wp-content\/uploads\/2026\/09\/1-2026-09-01T131233.893-225x300.jpg 225w, https:\/\/infotorrent.es\/wp-content\/uploads\/2026\/09\/1-2026-09-01T131233.893-1152x1536.jpg 1152w, https:\/\/infotorrent.es\/wp-content\/uploads\/2026\/09\/1-2026-09-01T131233.893.jpg 1536w\" sizes=\"(max-width: 768px) 100vw, 768px\" \/><\/figure>\n\n\n\n<figure class=\"wp-block-image size-large\"><img loading=\"lazy\" decoding=\"async\" width=\"768\" height=\"1024\" data-id=\"100597\" src=\"https:\/\/infotorrent.es\/wp-content\/uploads\/2026\/09\/2-2026-09-01T131232.870-768x1024.jpg\" alt=\"\" class=\"wp-image-100597\" srcset=\"https:\/\/infotorrent.es\/wp-content\/uploads\/2026\/09\/2-2026-09-01T131232.870-768x1024.jpg 768w, https:\/\/infotorrent.es\/wp-content\/uploads\/2026\/09\/2-2026-09-01T131232.870-225x300.jpg 225w, https:\/\/infotorrent.es\/wp-content\/uploads\/2026\/09\/2-2026-09-01T131232.870-1152x1536.jpg 1152w, https:\/\/infotorrent.es\/wp-content\/uploads\/2026\/09\/2-2026-09-01T131232.870.jpg 1536w\" sizes=\"(max-width: 768px) 100vw, 768px\" \/><\/figure>\n\n\n\n<figure class=\"wp-block-image size-large\"><img loading=\"lazy\" decoding=\"async\" width=\"1024\" height=\"768\" data-id=\"100599\" src=\"https:\/\/infotorrent.es\/wp-content\/uploads\/2026\/09\/4-2026-09-01T131231.846-1024x768.jpg\" alt=\"\" class=\"wp-image-100599\" srcset=\"https:\/\/infotorrent.es\/wp-content\/uploads\/2026\/09\/4-2026-09-01T131231.846-1024x768.jpg 1024w, https:\/\/infotorrent.es\/wp-content\/uploads\/2026\/09\/4-2026-09-01T131231.846-300x225.jpg 300w, https:\/\/infotorrent.es\/wp-content\/uploads\/2026\/09\/4-2026-09-01T131231.846-768x576.jpg 768w, https:\/\/infotorrent.es\/wp-content\/uploads\/2026\/09\/4-2026-09-01T131231.846-1536x1152.jpg 1536w, https:\/\/infotorrent.es\/wp-content\/uploads\/2026\/09\/4-2026-09-01T131231.846.jpg 1600w\" sizes=\"(max-width: 1024px) 100vw, 1024px\" \/><\/figure>\n<\/figure>\n","protected":false},"excerpt":{"rendered":"<p>L&#8217;actuaci\u00f3 compta amb una subvenci\u00f3 de la Generalitat Valenciana L&#8217;Ajuntament continua avan\u00e7ant en el Pla Director d&#8217;Accessibilitat Universal amb la millora de la xarxa semaf\u00f2rica en punts estrat\u00e8gics de la ciutat L&#8217;Ajuntament de Torrent est\u00e0 instal\u00b7lant 35 avisadors ac\u00fastics en la xarxa semaf\u00f2rica municipal amb l&#8217;objectiu de millorar la seguretat, l&#8217;autonomia i els despla\u00e7aments de [&hellip;]<\/p>\n","protected":false},"author":21,"featured_media":100603,"comment_status":"open","ping_status":"open","sticky":false,"template":"","format":"standard","meta":{"_acf_changed":false,"footnotes":""},"categories":[141,147,153,124,1145],"tags":[],"class_list":["post-100606","post","type-post","status-publish","format-standard","has-post-thumbnail","hentry","category-alcaldia-2","category-mobilitat","category-movilidad-2","category-seguretat-ciutadana","category-seguridad-ciudadana-y-movilidad-ca"],"acf":[],"_links":{"self":[{"href":"https:\/\/infotorrent.es\/ca\/wp-json\/wp\/v2\/posts\/100606","targetHints":{"allow":["GET"]}}],"collection":[{"href":"https:\/\/infotorrent.es\/ca\/wp-json\/wp\/v2\/posts"}],"about":[{"href":"https:\/\/infotorrent.es\/ca\/wp-json\/wp\/v2\/types\/post"}],"author":[{"embeddable":true,"href":"https:\/\/infotorrent.es\/ca\/wp-json\/wp\/v2\/users\/21"}],"replies":[{"embeddable":true,"href":"https:\/\/infotorrent.es\/ca\/wp-json\/wp\/v2\/comments?post=100606"}],"version-history":[{"count":1,"href":"https:\/\/infotorrent.es\/ca\/wp-json\/wp\/v2\/posts\/100606\/revisions"}],"predecessor-version":[{"id":100608,"href":"https:\/\/infotorrent.es\/ca\/wp-json\/wp\/v2\/posts\/100606\/revisions\/100608"}],"wp:featuredmedia":[{"embeddable":true,"href":"https:\/\/infotorrent.es\/ca\/wp-json\/wp\/v2\/media\/100603"}],"wp:attachment":[{"href":"https:\/\/infotorrent.es\/ca\/wp-json\/wp\/v2\/media?parent=100606"}],"wp:term":[{"taxonomy":"category","embeddable":true,"href":"https:\/\/infotorrent.es\/ca\/wp-json\/wp\/v2\/categories?post=100606"},{"taxonomy":"post_tag","embeddable":true,"href":"https:\/\/infotorrent.es\/ca\/wp-json\/wp\/v2\/tags?post=100606"}],"curies":[{"name":"wp","href":"https:\/\/api.w.org\/{rel}","templated":true}]}}