{"id":100590,"date":"2026-09-01T11:12:15","date_gmt":"2026-09-01T09:12:15","guid":{"rendered":"https:\/\/infotorrent.es\/?p=100590"},"modified":"2026-09-01T11:20:07","modified_gmt":"2026-09-01T09:20:07","slug":"torrent-inicia-el-curs-escolar-2026-2027-el-9-de-setembre-amb-prop-de-17-800-alumnes","status":"publish","type":"post","link":"https:\/\/infotorrent.es\/ca\/noticies\/educacio\/torrent-inicia-el-curs-escolar-2026-2027-el-9-de-setembre-amb-prop-de-17-800-alumnes\/","title":{"rendered":"Torrent inicia el curs escolar 2026-2027 el 9 de setembre amb prop de 17.800 alumnes"},"content":{"rendered":"\n<p class=\"wp-block-paragraph\"><strong>Infantil, Prim\u00e0ria, ESO, Batxillerat i Formaci\u00f3 Professional comen\u00e7aran les classes el dimecres 9 de setembre, d&#8217;acord amb el calendari aprovat per la Conselleria d&#8217;Educaci\u00f3<\/strong><\/p>\n\n\n\n<p class=\"wp-block-paragraph\"><strong>L&#8217;Ajuntament roman a l&#8217;espera de l&#8217;autoritzaci\u00f3 de la proposta del Consell Escolar Municipal per a fixar com no lectius el 7 de desembre, el 3 de febrer i els dies 16, 17 i 18 de mar\u00e7<\/strong><\/p>\n\n\n\n<p class=\"wp-block-paragraph\">Torrent ultima els preparatius per al comen\u00e7ament del curs escolar 2026-2027, que arrancar\u00e0 oficialment dimecres que ve 9 de setembre per a l&#8217;alumnat d&#8217;Educaci\u00f3 Infantil, Prim\u00e0ria, Educaci\u00f3 Secund\u00e0ria Obligat\u00f2ria, Batxillerat i Formaci\u00f3 Professional, d&#8217;acord amb el calendari establit per la Conselleria d&#8217;Educaci\u00f3, Cultura i Universitats.<\/p>\n\n\n\n<p class=\"wp-block-paragraph\">Entorn de 17.800 alumnes i alumnes comen\u00e7aran durant estos dies el nou curs en els diferents centres educatius de Torrent. D&#8217;ells, aproximadament 16.540 corresponen a Infantil i Prim\u00e0ria, ESO, Educaci\u00f3 Especial, Batxillerat i Formaci\u00f3 Professional, als quals se sumen al voltant de 1.260 alumnes de les escoles infantils, la incorporaci\u00f3 de les quals comen\u00e7a majorit\u00e0riament estos dies. Les xifres, encara aproximades, prenen com a refer\u00e8ncia les dades d&#8217;escolaritzaci\u00f3 del passat curs.<\/p>\n\n\n\n<p class=\"wp-block-paragraph\">Per ensenyances, la previsi\u00f3 se situa entorn de 8.416 alumnes d&#8217;Educaci\u00f3 Infantil i Prim\u00e0ria, 4.711 d&#8217;ESO, 257 d&#8217;Educaci\u00f3 Especial, 1.949 de Batxillerat i 1.207 de Formaci\u00f3 Professional.<\/p>\n\n\n\n<p class=\"wp-block-paragraph\">La regidor d&#8217;Educaci\u00f3, Mar\u00eda Fern\u00e1ndez, ha destacat que \u201cTorrent afronta un nou curs escolar amb prop de 17.800 xiquets i j\u00f3vens que tornen a les aules i amb tota la comunitat educativa preparada per a iniciar una etapa fonamental en la seua formaci\u00f3. Darrere de cada comen\u00e7ament de curs hi ha un enorme treball dels equips directius, del professorat, dels professionals dels centres i de les fam\u00edlies, als qui volem agrair la seua implicaci\u00f3\u201d.<\/p>\n\n\n\n<p class=\"wp-block-paragraph\">Fern\u00e1ndez ha afegit que \u201cel comen\u00e7ament del curs \u00e9s sempre un moment important per a milers de fam\u00edlies de Torrent. Suposa tornar a les rutines, retrobar-se amb companys i professors i afrontar nous aprenentatges, reptes i experi\u00e8ncies. Desitgem a tots els nostres alumnes i a les seues fam\u00edlies un bon inici de curs i que estos pr\u00f2xims mesos siguen positius i enriquidors per a tots\u201d.<\/p>\n\n\n\n<p class=\"wp-block-paragraph\"><strong>El calendari escolar 2026-2027<\/strong><\/p>\n\n\n\n<p class=\"wp-block-paragraph\">La Resoluci\u00f3 de 15 de juny de 2026 de la Direcci\u00f3 General de Centres Docents, publicada en el DOGV el 18 de juny, establix que les classes d&#8217;Infantil, Prim\u00e0ria, ESO, Batxillerat i Formaci\u00f3 Professional comen\u00e7aran el 9 de setembre de 2026 i finalitzaran el 18 de juny de 2027.<\/p>\n\n\n\n<p class=\"wp-block-paragraph\">En la resta d&#8217;ensenyances, la incorporaci\u00f3 es realitzar\u00e0 progressivament. Els programes formatius de qualificaci\u00f3 b\u00e0sica, l&#8217;FP B\u00e0sica de segona oportunitat, la Formaci\u00f3 de Persones Adultes i determinades ensenyances art\u00edstiques iniciaran la seua activitat el 14 de setembre; les ensenyances esportives de r\u00e8gim especial, el 21 de setembre; i les ensenyances d&#8217;idiomes, el 28 de setembre.<\/p>\n\n\n\n<p class=\"wp-block-paragraph\">El calendari auton\u00f2mic fixa aix\u00ed mateix les vacacions de Nadal del 22 de desembre de 2026 al 6 de gener de 2027, els dos inclusivament, mentres que les vacacions de Pasqua seran del 25 de mar\u00e7 al 5 d&#8217;abril de 2027. Com a dies festius de car\u00e0cter general a efectes escolars s&#8217;establixen el 9 d&#8217;octubre, Dia de la Comunitat Valenciana; el 12 d&#8217;octubre, Festa Nacional d&#8217;Espanya; el 8 de desembre, Immaculada Concepci\u00f3; i el 19 de mar\u00e7, San Jos\u00e9.<\/p>\n\n\n\n<p class=\"wp-block-paragraph\"><strong>A l&#8217;espera de l&#8217;aprovaci\u00f3 dels dies no lectius proposats per Torrent<\/strong><\/p>\n\n\n\n<p class=\"wp-block-paragraph\">A este calendari general haur\u00e0 d&#8217;incorporar-se la proposta realitzada pel Consell Escolar Municipal de Torrent (CEM), que el mes de juliol passat va acordar sol\u00b7licitar a l&#8217;administraci\u00f3 educativa cinc jornades no lectives adaptades a les principals celebracions i particularitats de la ciutat. L&#8217;Ajuntament es troba en estos moments a l&#8217;espera de l&#8217;autoritzaci\u00f3 definitiva de la Direcci\u00f3 Territorial d&#8217;Educaci\u00f3.<\/p>\n\n\n\n<p class=\"wp-block-paragraph\">La proposta contempla com a dies no lectius el dilluns 7 de desembre de 2026, amb motiu del pont de la Constituci\u00f3; el dimecres 3 de febrer de 2027, festivitat de Sant Blas a Torrent; i els dies 16, 17 i 18 de mar\u00e7 de 2027, amb el prop\u00f2sit de concentrar les jornades no lectives durant la setmana gran de les Falles.<\/p>\n\n\n\n<p class=\"wp-block-paragraph\">En concret, el 7 de desembre, el 3 de febrer i el 16 de mar\u00e7 integrarien els tres dies no lectius de car\u00e0cter local, mentres que per als dies 17 i 18 de mar\u00e7 s&#8217;ha sol\u00b7licitat acollir-se al sistema de modificaci\u00f3 del calendari, de manera que, si finalment \u00e9s autoritzat, els dies 22 i 23 de desembre passarien a ser lectius a canvi que el 17 i el 18 de mar\u00e7 no ho foren. La pr\u00f2pia resoluci\u00f3 auton\u00f2mica contempla que els ajuntaments, previ acord del Consell Escolar Municipal, puguen proposar fins a tres dies no lectius locals i sol\u00b7licitar excepcionalment modificacions del calendari.<\/p>\n\n\n\n<p class=\"wp-block-paragraph\">La regidor d&#8217;Educaci\u00f3 ha recordat que \u201ces tracta d&#8217;una proposta acordada en el Consell Escolar Municipal i pensada des de la realitat educativa, social i cultural de Torrent. Estem a l&#8217;espera de l&#8217;autoritzaci\u00f3 d&#8217;Educaci\u00f3 i confiem que puga ser atesa, perqu\u00e8 permet compatibilitzar el compliment del calendari lectiu amb dates especialment importants per a la nostra ciutat i escolars\u201d.<\/p>\n\n\n\n<figure class=\"wp-block-image size-large\"><img fetchpriority=\"high\" decoding=\"async\" width=\"1024\" height=\"664\" src=\"https:\/\/infotorrent.es\/wp-content\/uploads\/2026\/09\/1-28-1024x664.jpeg\" alt=\"\" class=\"wp-image-100585\" srcset=\"https:\/\/infotorrent.es\/wp-content\/uploads\/2026\/09\/1-28-1024x664.jpeg 1024w, https:\/\/infotorrent.es\/wp-content\/uploads\/2026\/09\/1-28-300x195.jpeg 300w, https:\/\/infotorrent.es\/wp-content\/uploads\/2026\/09\/1-28-768x498.jpeg 768w, https:\/\/infotorrent.es\/wp-content\/uploads\/2026\/09\/1-28-1536x996.jpeg 1536w, https:\/\/infotorrent.es\/wp-content\/uploads\/2026\/09\/1-28.jpeg 1600w\" sizes=\"(max-width: 1024px) 100vw, 1024px\" \/><\/figure>\n\n\n\n<figure class=\"wp-block-gallery has-nested-images columns-default is-cropped wp-block-gallery-1 is-layout-flex wp-block-gallery-is-layout-flex\">\n<figure class=\"wp-block-image size-large\"><img decoding=\"async\" width=\"1024\" height=\"682\" data-id=\"100587\" src=\"https:\/\/infotorrent.es\/wp-content\/uploads\/2026\/09\/4-2026-09-01T110429.193.jpg\" alt=\"\" class=\"wp-image-100587\" srcset=\"https:\/\/infotorrent.es\/wp-content\/uploads\/2026\/09\/4-2026-09-01T110429.193.jpg 1024w, https:\/\/infotorrent.es\/wp-content\/uploads\/2026\/09\/4-2026-09-01T110429.193-300x200.jpg 300w, https:\/\/infotorrent.es\/wp-content\/uploads\/2026\/09\/4-2026-09-01T110429.193-768x512.jpg 768w\" sizes=\"(max-width: 1024px) 100vw, 1024px\" \/><\/figure>\n\n\n\n<figure class=\"wp-block-image size-large\"><img decoding=\"async\" width=\"1024\" height=\"682\" data-id=\"100583\" src=\"https:\/\/infotorrent.es\/wp-content\/uploads\/2026\/09\/2-2026-09-01T110432.466-1024x682.jpg\" alt=\"\" class=\"wp-image-100583\" srcset=\"https:\/\/infotorrent.es\/wp-content\/uploads\/2026\/09\/2-2026-09-01T110432.466-1024x682.jpg 1024w, https:\/\/infotorrent.es\/wp-content\/uploads\/2026\/09\/2-2026-09-01T110432.466-300x200.jpg 300w, https:\/\/infotorrent.es\/wp-content\/uploads\/2026\/09\/2-2026-09-01T110432.466-768x512.jpg 768w, https:\/\/infotorrent.es\/wp-content\/uploads\/2026\/09\/2-2026-09-01T110432.466-1536x1023.jpg 1536w, https:\/\/infotorrent.es\/wp-content\/uploads\/2026\/09\/2-2026-09-01T110432.466.jpg 1600w\" sizes=\"(max-width: 1024px) 100vw, 1024px\" \/><\/figure>\n\n\n\n<figure class=\"wp-block-image size-large\"><img loading=\"lazy\" decoding=\"async\" width=\"1024\" height=\"682\" data-id=\"100581\" src=\"https:\/\/infotorrent.es\/wp-content\/uploads\/2026\/09\/3-2026-09-01T110433.787-1024x682.jpg\" alt=\"\" class=\"wp-image-100581\" srcset=\"https:\/\/infotorrent.es\/wp-content\/uploads\/2026\/09\/3-2026-09-01T110433.787-1024x682.jpg 1024w, https:\/\/infotorrent.es\/wp-content\/uploads\/2026\/09\/3-2026-09-01T110433.787-300x200.jpg 300w, https:\/\/infotorrent.es\/wp-content\/uploads\/2026\/09\/3-2026-09-01T110433.787-768x512.jpg 768w, https:\/\/infotorrent.es\/wp-content\/uploads\/2026\/09\/3-2026-09-01T110433.787-1536x1023.jpg 1536w, https:\/\/infotorrent.es\/wp-content\/uploads\/2026\/09\/3-2026-09-01T110433.787.jpg 1600w\" sizes=\"(max-width: 1024px) 100vw, 1024px\" \/><\/figure>\n<\/figure>\n","protected":false},"excerpt":{"rendered":"<p>Infantil, Prim\u00e0ria, ESO, Batxillerat i Formaci\u00f3 Professional comen\u00e7aran les classes el dimecres 9 de setembre, d&#8217;acord amb el calendari aprovat per la Conselleria d&#8217;Educaci\u00f3 L&#8217;Ajuntament roman a l&#8217;espera de l&#8217;autoritzaci\u00f3 de la proposta del Consell Escolar Municipal per a fixar com no lectius el 7 de desembre, el 3 de febrer i els dies 16, [&hellip;]<\/p>\n","protected":false},"author":21,"featured_media":100585,"comment_status":"open","ping_status":"open","sticky":false,"template":"","format":"standard","meta":{"_acf_changed":false,"footnotes":""},"categories":[1184,121,132,1158],"tags":[],"class_list":["post-100590","post","type-post","status-publish","format-standard","has-post-thumbnail","hentry","category-educacio-educacion-noticias-ca","category-educacio","category-educacion-2","category-educacion-noticias-ca"],"acf":[],"_links":{"self":[{"href":"https:\/\/infotorrent.es\/ca\/wp-json\/wp\/v2\/posts\/100590","targetHints":{"allow":["GET"]}}],"collection":[{"href":"https:\/\/infotorrent.es\/ca\/wp-json\/wp\/v2\/posts"}],"about":[{"href":"https:\/\/infotorrent.es\/ca\/wp-json\/wp\/v2\/types\/post"}],"author":[{"embeddable":true,"href":"https:\/\/infotorrent.es\/ca\/wp-json\/wp\/v2\/users\/21"}],"replies":[{"embeddable":true,"href":"https:\/\/infotorrent.es\/ca\/wp-json\/wp\/v2\/comments?post=100590"}],"version-history":[{"count":1,"href":"https:\/\/infotorrent.es\/ca\/wp-json\/wp\/v2\/posts\/100590\/revisions"}],"predecessor-version":[{"id":100592,"href":"https:\/\/infotorrent.es\/ca\/wp-json\/wp\/v2\/posts\/100590\/revisions\/100592"}],"wp:featuredmedia":[{"embeddable":true,"href":"https:\/\/infotorrent.es\/ca\/wp-json\/wp\/v2\/media\/100585"}],"wp:attachment":[{"href":"https:\/\/infotorrent.es\/ca\/wp-json\/wp\/v2\/media?parent=100590"}],"wp:term":[{"taxonomy":"category","embeddable":true,"href":"https:\/\/infotorrent.es\/ca\/wp-json\/wp\/v2\/categories?post=100590"},{"taxonomy":"post_tag","embeddable":true,"href":"https:\/\/infotorrent.es\/ca\/wp-json\/wp\/v2\/tags?post=100590"}],"curies":[{"name":"wp","href":"https:\/\/api.w.org\/{rel}","templated":true}]}}