{"id":100558,"date":"2026-09-01T10:22:22","date_gmt":"2026-09-01T08:22:22","guid":{"rendered":"https:\/\/infotorrent.es\/?p=100558"},"modified":"2026-09-01T10:28:15","modified_gmt":"2026-09-01T08:28:15","slug":"lauditori-de-torrent-presenta-la-seua-programacio-per-als-mesos-de-tardor","status":"publish","type":"post","link":"https:\/\/infotorrent.es\/ca\/cultura-es-2\/lauditori-de-torrent-presenta-la-seua-programacio-per-als-mesos-de-tardor\/","title":{"rendered":"L\u2019Auditori de Torrent presenta la seua programaci\u00f3 per als mesos de tardor \u00a0"},"content":{"rendered":"\n<p class=\"wp-block-paragraph\">Despr\u00e9s del descans estival, torna l&#8217;activitat cultural a l\u2019Auditori de Torrent. El Festival Flamenc, l&#8217;\u00f2pera, la dansa, el Cicle de Cinema Independent i un ampli ventall de propostes teatrals i musicals conformen la programaci\u00f3 dels \u00faltims mesos de l&#8217;any.<\/p>\n\n\n\n<p class=\"wp-block-paragraph\">Per a inaugurar la temporada comptem amb uns convidats de luxe: l&#8217;Orquestra de la Comunitat Valenciana, formaci\u00f3 titular del Palau de les Arts, sota la direcci\u00f3 de l&#8217;alemanya Anja Bihlmaier, interpretaran Quadres d&#8217;una exposici\u00f3 de M. M\u00fassorgski i la Simfonia n\u00fam. 5 en el meu menor op. 64 de P.I. Txaikovski (11 de setembre). Li seguir\u00e0 una nova edici\u00f3 del Cicle de Cinema Independent. Sota el t\u00edtol Els vincles afectius en la pantalla gran, podrem assistir a la projecci\u00f3 i posterior col\u00b7loqui de les pel\u00b7l\u00edcules Xiqueta de Gabriel Ochoa, Despr\u00e9s de l&#8217;estiu de Yolanda Centeno i El deute de Daniel Guzm\u00e1n (del 25 al 27 de setembre).<\/p>\n\n\n\n<p class=\"wp-block-paragraph\">La programaci\u00f3 teatral comen\u00e7a a l&#8217;octubre amb la com\u00e8dia 53 diumenges, dirigida per Cesc Gay i interpretada per Juli\u00e1n L\u00f3pez, Pepa Charro, Xavi Mira i Candela Serrat (4 d&#8217;octubre). La gran Paloma San Basilio posa veu a Dulcinea, eixa dona forjada a colp de t\u00f2pics i ensomnis del cavaller errant m\u00e9s fam\u00f3s del m\u00f3n, per a contar-nos la seua hist\u00f2ria des d&#8217;un altre angle (11 d&#8217;octubre). Toscana \u00e9s l&#8217;adaptaci\u00f3 teatral de la pel\u00b7l\u00edcula de Pau Dur\u00e1 protagonitzada per Enrique Arce, Vanessa Cano, Jaime Linares i Sergio Villanueva, una com\u00e8dia que destil\u00b7la tendresa, humor intel\u00b7ligent i una subtil melancolia (17 d&#8217;octubre). Al novembre arriba una altra de les grans int\u00e8rprets dels nostres escenaris, Lola Herrera, que interpreta a Helen Martins, una dona que va desafiar les normes de la seua \u00e8poca i els l\u00edmits imposats per la societat, en l&#8217;obra d&#8217;Athol Fugard, Cam\u00ed a la Meca (7 de novembre). I acabant el mes, Vanitas. Cervantes enfront de l&#8217;espill, una original proposta que reunix a Capella de Ministrers i a l&#8217;actor Fran Perea en un viatge esc\u00e8nic i musical que revela a un Cervantes viu, sorprenent i profundament hum\u00e0 (27 de novembre). Ja al desembre podrem disfrutar de les interpretacions i la complicitat de Mar\u00eda Barranco i Imanol Arias en la com\u00e8dia Millor no dir-ho (6 de desembre); i tamb\u00e9 de l&#8217;humor cr\u00edtic de Crit Companyia de Teatre, que intentar\u00e0 reconciliar-nos amb els nostres representants pol\u00edtics en La Corporaci\u00f3 (12 de desembre).<\/p>\n\n\n\n<p class=\"wp-block-paragraph\">Una de les cites que no pot faltar \u00e9s la del Festival Flamenc, que en esta ocasi\u00f3 compta amb un cartell de grans figures: del 30 d&#8217;octubre a l&#8217;1 de novembre passaran pel nostre escenari la cantaora Argentina, la balladora La Lupi i el cantaor Antonio Reyes acompanyat pel gran Chano Dom\u00ednguez al piano.<\/p>\n\n\n\n<p class=\"wp-block-paragraph\">Una altra cita habitual en estos mesos \u00e9s la Mostra de Teatre Amateur Juan Manuel Ferraro organitzada per Coturno Teatre. Se celebrar\u00e0 els diumenges de novembre i per ella desfilaran Comboi Mediterrani (Xarxa Pontiac), Suc de Teatre \u2013 La Tarumba (Centellejos en la foscor), Impremta Teatre (Odisseu o el que siga) i Coturno Teatre (Cuplet).<\/p>\n\n\n\n<p class=\"wp-block-paragraph\">En l&#8217;apartat l\u00edric comptarem com sempre amb la Companyia L\u00edrica \u00d2pera 2001 que posar\u00e0 en escena La flauta m\u00e0gica de W.A. Mozart (12 de novembre). D&#8217;altra banda, la soprano Teresa Albero, el tenor Eduardo Sandoval i el pianista \u00d3scar Oliver, ens guiaran per un recorregut que abasta emotives \u00e0ries d&#8217;\u00f2pera, vibrants duos i apassionades romances de sarsuela amb el recital Passions i Somnis (18 d&#8217;octubre).<\/p>\n\n\n\n<p class=\"wp-block-paragraph\">En l&#8217;apartat simf\u00f2nic, retrem homenatge a Manuel de Falla en el 150 aniversari del seu naixement. L&#8217;Orquestra Simf\u00f2nica ESMAR ser\u00e0 l&#8217;encarregada d&#8217;interpretar dos de les seues obres m\u00e9s conegudes, L&#8217;amor bruixot i El barret de tres pics, aix\u00ed com altres composicions dels seus coetanis Chap\u00ed i Turina (13 de novembre).<\/p>\n\n\n\n<p class=\"wp-block-paragraph\">Tampoc pot faltar en el cartell d&#8217;espectacles per a este \u00faltim trimestre de l&#8217;any el Ballet de K\u00edev, en gira amb El llac dels cignes (19 de novembre).<\/p>\n\n\n\n<p class=\"wp-block-paragraph\">La m\u00fasica d&#8217;autor arribar\u00e0 de la m\u00e0 Andreu Valor que presentar\u00e0 el seu \u00faltim treball Els camins que elegim (28 de novembre).<\/p>\n\n\n\n<p class=\"wp-block-paragraph\">I per a tancar la programaci\u00f3, ja ficats en dates nadalenques, no poden faltar els espectacles per a disfrutar en fam\u00edlia amb els m\u00e9s xicotets de la casa: La Bella Dorment, el musical dels teus somnis de Trencadis Produccions (26 desembre) i Bichitos, de la companyia de teatre gestual Spasmo Teatre (3 de gener); aix\u00ed com el tradicional Gran Concert d&#8217;Any Nou interpretat per la Strauss Philharmonic Orchestra &amp; Ballet (5 de gener).<\/p>\n\n\n\n<p class=\"wp-block-paragraph\">Entrades a la venda en <a href=\"http:\/\/www.auditoritorrent.com\" target=\"_blank\" rel=\"noopener\">www.auditoritorrent.com<\/a> i en les taquilles de l\u2019Auditori (dijous de 17 a 20 h, divendres d&#8217;11 a 13 h i des de 2 hores abans del comen\u00e7ament de cada espectacle).<\/p>\n\n\n\n<figure class=\"wp-block-image size-large\"><img fetchpriority=\"high\" decoding=\"async\" width=\"1024\" height=\"823\" src=\"https:\/\/infotorrent.es\/wp-content\/uploads\/2026\/09\/mejor-no-decirlo-30-1024x823.jpg\" alt=\"\" class=\"wp-image-100551\" srcset=\"https:\/\/infotorrent.es\/wp-content\/uploads\/2026\/09\/mejor-no-decirlo-30-1024x823.jpg 1024w, https:\/\/infotorrent.es\/wp-content\/uploads\/2026\/09\/mejor-no-decirlo-30-300x241.jpg 300w, https:\/\/infotorrent.es\/wp-content\/uploads\/2026\/09\/mejor-no-decirlo-30-768x617.jpg 768w, https:\/\/infotorrent.es\/wp-content\/uploads\/2026\/09\/mejor-no-decirlo-30-1536x1234.jpg 1536w, https:\/\/infotorrent.es\/wp-content\/uploads\/2026\/09\/mejor-no-decirlo-30-2048x1645.jpg 2048w\" sizes=\"(max-width: 1024px) 100vw, 1024px\" \/><\/figure>\n\n\n\n<figure class=\"wp-block-gallery has-nested-images columns-default is-cropped wp-block-gallery-1 is-layout-flex wp-block-gallery-is-layout-flex\">\n<figure class=\"wp-block-image size-large\"><img decoding=\"async\" width=\"909\" height=\"1024\" data-id=\"100555\" src=\"https:\/\/infotorrent.es\/wp-content\/uploads\/2026\/09\/La-Lupi_Foto-Beatrix-Molnar-1-909x1024.png\" alt=\"\" class=\"wp-image-100555\" srcset=\"https:\/\/infotorrent.es\/wp-content\/uploads\/2026\/09\/La-Lupi_Foto-Beatrix-Molnar-1-909x1024.png 909w, https:\/\/infotorrent.es\/wp-content\/uploads\/2026\/09\/La-Lupi_Foto-Beatrix-Molnar-1-266x300.png 266w, https:\/\/infotorrent.es\/wp-content\/uploads\/2026\/09\/La-Lupi_Foto-Beatrix-Molnar-1-768x865.png 768w, https:\/\/infotorrent.es\/wp-content\/uploads\/2026\/09\/La-Lupi_Foto-Beatrix-Molnar-1.png 1182w\" sizes=\"(max-width: 909px) 100vw, 909px\" \/><\/figure>\n\n\n\n<figure class=\"wp-block-image size-large\"><img decoding=\"async\" width=\"1024\" height=\"654\" data-id=\"100553\" src=\"https:\/\/infotorrent.es\/wp-content\/uploads\/2026\/09\/camino-a-la-meca-2-1024x654.jpg\" alt=\"\" class=\"wp-image-100553\" srcset=\"https:\/\/infotorrent.es\/wp-content\/uploads\/2026\/09\/camino-a-la-meca-2-1024x654.jpg 1024w, https:\/\/infotorrent.es\/wp-content\/uploads\/2026\/09\/camino-a-la-meca-2-300x192.jpg 300w, https:\/\/infotorrent.es\/wp-content\/uploads\/2026\/09\/camino-a-la-meca-2-768x491.jpg 768w, https:\/\/infotorrent.es\/wp-content\/uploads\/2026\/09\/camino-a-la-meca-2-1536x982.jpg 1536w, https:\/\/infotorrent.es\/wp-content\/uploads\/2026\/09\/camino-a-la-meca-2-2048x1309.jpg 2048w\" sizes=\"(max-width: 1024px) 100vw, 1024px\" \/><\/figure>\n<\/figure>\n","protected":false},"excerpt":{"rendered":"<p>Despr\u00e9s del descans estival, torna l&#8217;activitat cultural a l\u2019Auditori de Torrent. El Festival Flamenc, l&#8217;\u00f2pera, la dansa, el Cicle de Cinema Independent i un ampli ventall de propostes teatrals i musicals conformen la programaci\u00f3 dels \u00faltims mesos de l&#8217;any. Per a inaugurar la temporada comptem amb uns convidats de luxe: l&#8217;Orquestra de la Comunitat Valenciana, [&hellip;]<\/p>\n","protected":false},"author":21,"featured_media":100551,"comment_status":"open","ping_status":"open","sticky":false,"template":"","format":"standard","meta":{"_acf_changed":false,"footnotes":""},"categories":[1215,126,756],"tags":[],"class_list":["post-100558","post","type-post","status-publish","format-standard","has-post-thumbnail","hentry","category-auditori-de-torrent-ca","category-cultura-es-2","category-cultura-noticias-2"],"acf":[],"_links":{"self":[{"href":"https:\/\/infotorrent.es\/ca\/wp-json\/wp\/v2\/posts\/100558","targetHints":{"allow":["GET"]}}],"collection":[{"href":"https:\/\/infotorrent.es\/ca\/wp-json\/wp\/v2\/posts"}],"about":[{"href":"https:\/\/infotorrent.es\/ca\/wp-json\/wp\/v2\/types\/post"}],"author":[{"embeddable":true,"href":"https:\/\/infotorrent.es\/ca\/wp-json\/wp\/v2\/users\/21"}],"replies":[{"embeddable":true,"href":"https:\/\/infotorrent.es\/ca\/wp-json\/wp\/v2\/comments?post=100558"}],"version-history":[{"count":1,"href":"https:\/\/infotorrent.es\/ca\/wp-json\/wp\/v2\/posts\/100558\/revisions"}],"predecessor-version":[{"id":100560,"href":"https:\/\/infotorrent.es\/ca\/wp-json\/wp\/v2\/posts\/100558\/revisions\/100560"}],"wp:featuredmedia":[{"embeddable":true,"href":"https:\/\/infotorrent.es\/ca\/wp-json\/wp\/v2\/media\/100551"}],"wp:attachment":[{"href":"https:\/\/infotorrent.es\/ca\/wp-json\/wp\/v2\/media?parent=100558"}],"wp:term":[{"taxonomy":"category","embeddable":true,"href":"https:\/\/infotorrent.es\/ca\/wp-json\/wp\/v2\/categories?post=100558"},{"taxonomy":"post_tag","embeddable":true,"href":"https:\/\/infotorrent.es\/ca\/wp-json\/wp\/v2\/tags?post=100558"}],"curies":[{"name":"wp","href":"https:\/\/api.w.org\/{rel}","templated":true}]}}