{"id":100416,"date":"2026-08-31T09:46:05","date_gmt":"2026-08-31T07:46:05","guid":{"rendered":"https:\/\/infotorrent.es\/?p=100416"},"modified":"2026-08-31T09:46:06","modified_gmt":"2026-08-31T07:46:06","slug":"torrent-tornara-a-correr-contra-el-cancer-el-26-de-setembre-amb-la-runcancer-2026","status":"publish","type":"post","link":"https:\/\/infotorrent.es\/ca\/alcaldia-2\/torrent-tornara-a-correr-contra-el-cancer-el-26-de-setembre-amb-la-runcancer-2026\/","title":{"rendered":"Torrent tornar\u00e0 a c\u00f3rrer contra el c\u00e0ncer el 26 de setembre amb la RunC\u00e1ncer 2026"},"content":{"rendered":"\n<p class=\"wp-block-paragraph\"><strong>La pla\u00e7a Major ser\u00e0 el punt d&#8217;eixida de la carrera de 5 quil\u00f2metres, a les 19.00 hores, i de la marxa no competitiva de 4 quil\u00f2metres, a les 19.05 hores<\/strong><\/p>\n\n\n\n<p class=\"wp-block-paragraph\"><strong>La cita, organitzada per l&#8217;Associaci\u00f3 Espanyola contra el C\u00e0ncer (AECC), s&#8217;emmarca en la 12a edici\u00f3 de RunC\u00e1ncer Val\u00e8ncia i destinar\u00e0 \u00edntegrament la recaptaci\u00f3 dels dorsals i samarretes a finan\u00e7ar projectes d&#8217;investigaci\u00f3 oncol\u00f2gica<\/strong><\/p>\n\n\n\n<p class=\"wp-block-paragraph\"><strong>L<\/strong><\/p>\n\n\n\n<p class=\"wp-block-paragraph\"><strong>Les inscripcions per a la carrera poden realitzar-se en l\u00ednia a trav\u00e9s d&#8217;https:\/\/enmarcha.contraelcancer.es\/es\/evento\/torrent-contra-el-cancer-2026<\/strong><\/p>\n\n\n\n<p class=\"wp-block-paragraph\">Torrent tornar\u00e0 a omplir els seus carrers d&#8217;esport, solidaritat i comprom\u00eds dissabte que ve 26 de setembre amb una nova edici\u00f3 de Torrent Contra el C\u00e0ncer, una de les cites esportives i solid\u00e0ries m\u00e9s consolidades de la ciutat i que forma part de la 12a edici\u00f3 de RunC\u00e1ncer Val\u00e8ncia 2026.<\/p>\n\n\n\n<p class=\"wp-block-paragraph\">La prova tindr\u00e0 la seua concentraci\u00f3 en la pla\u00e7a Major, des d&#8217;on a les 19.00 hores prendr\u00e0 l&#8217;eixida la carrera competitiva de 5 quil\u00f2metres. Cinc minuts despr\u00e9s, a les 19.05 hores, comen\u00e7ar\u00e0 la marxa no competitiva de 4 quil\u00f2metres, oferint aix\u00ed dos modalitats perqu\u00e8 corredors, fam\u00edlies, associacions, col\u00b7lectius i ve\u00efns de totes les edats puguen participar en una vesprada que tornar\u00e0 a unir activitat f\u00edsica i solidaritat. La inscripci\u00f3 oficial establix una aportaci\u00f3 de 5 euros per participant tant per a la carrera com per a la marxa.<\/p>\n\n\n\n<p class=\"wp-block-paragraph\">L&#8217;alcaldessa de Torrent, Amparo Folgado, ha animat a tota la ciutadania a tornar a respondre de manera multitudin\u00e0ria: <strong>\u201cTorrent sempre demostra el seu enorme cor quan hi ha una causa que ens unix. L&#8217;any passat vam ser prop de 3.000 persones caminant i corrent per un mateix objectiu i este 26 de setembre volem tornar a omplir els nostres carrers de solidaritat i esperan\u00e7a. Cada persona que es posa un dorsal o compra una samarreta est\u00e0 contribuint a continuar avan\u00e7ant enfront del c\u00e0ncer i a obrir noves oportunitats de futur. L&#8217;important eixe dia no ser\u00e0 el temps que marque el cron\u00f2metre, sin\u00f3 que Torrent torne a moure&#8217;s unit per una causa que ens implica a tots\u201d.<\/strong><\/p>\n\n\n\n<p class=\"wp-block-paragraph\">Folgado ha afegit que <strong>\u201cdarrere d&#8217;esta jornada hi ha tamb\u00e9 un enorme treball de la Junta Local de l&#8217;AECC, dels seus voluntaris i de totes les persones i entitats que durant tot l&#8217;any mantenen visca esta causa. Des de l&#8217;Ajuntament volem agrair-los el seu comprom\u00eds i demanar als torrentinos que, una vegada m\u00e9s, estiguen al seu costat\u201d.<\/strong><\/p>\n\n\n\n<p class=\"wp-block-paragraph\"><strong>Una carrera de 5K i una marxa de 4K per a sumar contra el c\u00e0ncer<\/strong><\/p>\n\n\n\n<p class=\"wp-block-paragraph\">La RunC\u00e1ncer de Torrent est\u00e0 concebuda com una cita oberta a tots els p\u00fablics. Els qui vulguen competir podran participar en la carrera urbana de 5 quil\u00f2metres, mentres que la marxa de 4 quil\u00f2metres, de car\u00e0cter no competitiu, permetr\u00e0 sumar-se caminant i gaudir del recorregut en fam\u00edlia, amb amics o formant part d&#8217;algun dels nombrosos col\u00b7lectius de la ciutat.<\/p>\n\n\n\n<p class=\"wp-block-paragraph\">El recorregut partir\u00e0 des de la pla\u00e7a Major, al costat de la Torre, i continuar\u00e0 pels carrers Sant Crist\u00f2fol, pla\u00e7a Sant Jaume, Toledo i Calvari, per a ascendir posteriorment per l&#8217;avinguda al Vedat fins a l&#8217;avinguda Reina Sofia, punt des del qual els participants emprendran el retorn cap a la zona de meta.<\/p>\n\n\n\n<p class=\"wp-block-paragraph\">La regidora d&#8217;Esports, M\u00aa \u00c1ngeles Lerma, ha destacat precisament eixa combinaci\u00f3 entre esport i participaci\u00f3 social: <strong>\u201cLa RunC\u00e1ncer representa perfectament els valors que volem transmetre des de l&#8217;esport: vida saludable, companyonia, esfor\u00e7 i solidaritat. Hi ha una opci\u00f3 per a qui vol competir i una altra per a qui simplement vol caminar i col\u00b7laborar\u201d.<\/strong><\/p>\n\n\n\n<p class=\"wp-block-paragraph\">Lerma ha assenyalat a m\u00e9s que <strong>\u201c\u00e9s una d&#8217;eixes jornades en les quals l&#8217;esport ix de les instal\u00b7lacions i ocupa els nostres carrers per a convertir-se en punt de trobada de tota la ciutat. Volem veure clubs esportius, fam\u00edlies, associacions, grups d&#8217;amics i ve\u00efns de totes les edats compartint la pla\u00e7a Major i participant per una causa comuna\u201d.<\/strong><\/p>\n\n\n\n<p class=\"wp-block-paragraph\"><strong>Dorsals 100% solidaris a 5 euros i samarretes oficials a 7 euros<\/strong><\/p>\n\n\n\n<p class=\"wp-block-paragraph\">Les inscripcions en l\u00ednia per a la carrera 5K ja estan obertes i romandran disponibles fins al 23 de setembre a les 23.59 hores. Les inscripcions poden formalitzar-se a trav\u00e9s de la web https:\/\/enmarcha.contraelcancer.es\/es\/evento\/torrent-contra-el-cancer-202<\/p>\n\n\n\n<p class=\"wp-block-paragraph\">Aix\u00ed mateix, el dorsal tamb\u00e9 podr\u00e0 arreplegar-se el mateix dia de la prova en la zona d&#8217;eixida. A m\u00e9s, la samarreta oficial de la 12a edici\u00f3 pot adquirir-se per 7 euros addicionals, tant durant el proc\u00e9s d&#8217;inscripci\u00f3 com a trav\u00e9s dels comer\u00e7os i canals habilitats per a la seua venda.<\/p>\n\n\n\n<p class=\"wp-block-paragraph\"><strong>Una \u00e0mplia xarxa de punts de venda a Torrent per a la marxa<\/strong><\/p>\n\n\n\n<p class=\"wp-block-paragraph\">A m\u00e9s la Junta Local d&#8217;AECC, per a la marxa de 4 K, facilita la participaci\u00f3 dels ve\u00efns mitjan\u00e7ant una \u00e0mplia xarxa col\u00b7laboradora d&#8217;establiments, entitats i col\u00b7lectius de Torrent en els quals poden adquirir-se dorsals i samarretes.<\/p>\n\n\n\n<p class=\"wp-block-paragraph\">Els punts de venda anunciats per a esta edici\u00f3 s\u00f3n base: Esports Bacete; C\u00e0rniques Yago; Avore Moda Beb\u00e9-Infantil; Helvetia \u2013 Pilar Andreu Seguros Andreu; Nova Llibres; La Turquesa; Associaci\u00f3 de Ve\u00efns El Vedat; Falla Carrer Toledo i Voltants; Immobili\u00e0ria Torrent \u2013 Jos\u00e9 Sim\u00f3; El Calaix de Mar\u00eda; Orxata de Xufa -La Torrentina; Purificaci\u00f3 Mora Immobili\u00e0ria; Bamb\u00fa 15; i Sama Perruqueria.<\/p>\n\n\n\n<p class=\"wp-block-paragraph\">D&#8217;esta manera, l&#8217;organitzaci\u00f3 torna a secundar-se en el comer\u00e7, les associacions i el teixit social torrentino per a acostar els dorsals i samarretes solid\u00e0ries als diferents barris de la ciutat i facilitar que el major nombre possible de ve\u00efns puga sumar-se a la jornada.<\/p>\n\n\n\n<p class=\"wp-block-paragraph\">La presidenta de la Junta Local de l&#8217;Associaci\u00f3 Espanyola Contra el C\u00e0ncer a Torrent, Amparo Almerich, ha insistit en la import\u00e0ncia que t\u00e9 cada participaci\u00f3: <strong>\u201cCada dorsal s\u00f3n cinc euros que es transformen directament en investigaci\u00f3. Pot semblar una xicoteta aportaci\u00f3 individual, per\u00f2 quan Torrent s&#8217;unix som capaces d&#8217;aconseguir molt\u00edssim. Per aix\u00f2 volem demanar a tots els ve\u00efns i ve\u00efnes que s&#8217;inscriguen, que caminen, que c\u00f3rreguen o que simplement col\u00b7laboren, perqu\u00e8 cada dorsal ens ajuda a continuar avan\u00e7ant\u201d.<\/strong><\/p>\n\n\n\n<p class=\"wp-block-paragraph\">Almerich ha volgut tamb\u00e9 agrair <strong>\u201cla resposta que Torrent ens oferix sempre. Sentir el suport de milers de persones, dels voluntaris, de les associacions, del comer\u00e7 local i de les institucions ens dona forces per a continuar treballant. El nostre objectiu \u00e9s tornar a superar la participaci\u00f3 i la recaptaci\u00f3 de l&#8217;any passat i demostrar que Torrent continua estant al costat de les persones afectades pel c\u00e0ncer i, sobretot, de la investigaci\u00f3 que pot canviar el seu futur\u201d.<\/strong><\/p>\n\n\n\n<p class=\"wp-block-paragraph\"><strong>Prop de 3.000 participants a Torrent en 2025<\/strong><\/p>\n\n\n\n<p class=\"wp-block-paragraph\">L&#8217;edici\u00f3 de 2025 va deixar un dels millors registres recents de la cita torrent\u00edna. Segons les dades oficials de RunC\u00e1ncer, 2.973 persones van participar entre la carrera i la marxa i la ciutat va aconseguir recaptar 14.865 euros, destinats a la investigaci\u00f3 contra el c\u00e0ncer.<\/p>\n\n\n\n<p class=\"wp-block-paragraph\">La xifra va suposar a m\u00e9s un important creixement respecte als 12.725 euros obtinguts a Torrent en 2024. El repte per a este 2026 ser\u00e0, per tant, tornar a superar la xifra de 2025 i continuar augmentant la implicaci\u00f3 ciutadana.<\/p>\n\n\n\n<p class=\"wp-block-paragraph\"><strong>El suport d&#8217;institucions, empreses i col\u00b7laboradors<\/strong><\/p>\n\n\n\n<p class=\"wp-block-paragraph\">La celebraci\u00f3 de RunC\u00e1ncer Torrent 2026 torna si pot ser gr\u00e0cies a una \u00e0mplia suma de suports institucionals, empresarials i socials. Com l&#8217;Ajuntament de Torrent, la Fundaci\u00f3 Esportiva Municipal de Torrent, Aig\u00fces de l&#8217;Horta i Caixa Rural Torrent. L&#8217;Associaci\u00f3 Espanyola Contra el C\u00e0ncer a Val\u00e8ncia, la Diputaci\u00f3 de Val\u00e8ncia, sklum i Power Electronics.<\/p>\n\n\n\n<p class=\"wp-block-paragraph\">La prova compta aix\u00ed mateix amb el suport de Germaine de Capuccini, Aquaservice, Vicky Foods Fundaci\u00f3, Chov\u00ed, Grup Bertol\u00edn, Cecotec, Societat Agricultors de la Vega de Val\u00e8ncia (SAV), Arr\u00f2s Dacsa, Mapfre, Brioix Natural Fruit, Fermax, Mercedes-Benz Valdisa, CaixaBank, El Corte Ingl\u00e9s, Verdejo Segura, Hofmann i Ciments.<\/p>\n\n\n\n<p class=\"wp-block-paragraph\">A ells se sumen els col\u00b7laboradors Fundaci\u00f3 Isabel, Churruca, Balc\u00f3 del Vedat, elRaval fotoc\u00f2pies, Acte Rent, Gr\u00e0fiques Va besar, Imprespuchades Arts Gr\u00e0fiques, IMEX Products i Muntatges El\u00e8ctrics Esber S.L.<\/p>\n\n\n\n<p class=\"wp-block-paragraph\">La suma de l&#8217;Ajuntament, la Fundaci\u00f3 Esportiva Municipal, la Junta Local d&#8217;AECC, empreses, comer\u00e7os, associacions, entitats i voluntaris tornar\u00e0 a fer possible que el pr\u00f2xim 26 de setembre Torrent convertisca els seus carrers en un gran espai de trobada i solidaritat, amb un objectiu com\u00fa: continuar sumant recursos per a la investigaci\u00f3 enfront del c\u00e0ncer.<\/p>\n\n\n\n<figure class=\"wp-block-image size-large\"><img fetchpriority=\"high\" decoding=\"async\" width=\"1024\" height=\"683\" src=\"https:\/\/infotorrent.es\/wp-content\/uploads\/2026\/08\/1-10-1024x683.jpg\" alt=\"\" class=\"wp-image-100417\" srcset=\"https:\/\/infotorrent.es\/wp-content\/uploads\/2026\/08\/1-10-1024x683.jpg 1024w, https:\/\/infotorrent.es\/wp-content\/uploads\/2026\/08\/1-10-300x200.jpg 300w, https:\/\/infotorrent.es\/wp-content\/uploads\/2026\/08\/1-10-768x512.jpg 768w, https:\/\/infotorrent.es\/wp-content\/uploads\/2026\/08\/1-10-1536x1024.jpg 1536w, https:\/\/infotorrent.es\/wp-content\/uploads\/2026\/08\/1-10.jpg 1620w\" sizes=\"(max-width: 1024px) 100vw, 1024px\" \/><\/figure>\n\n\n\n<figure class=\"wp-block-image size-large\"><img decoding=\"async\" width=\"1024\" height=\"696\" src=\"https:\/\/infotorrent.es\/wp-content\/uploads\/2026\/08\/Cartel-2-1-1024x696.jpg\" alt=\"\" class=\"wp-image-100419\" srcset=\"https:\/\/infotorrent.es\/wp-content\/uploads\/2026\/08\/Cartel-2-1-1024x696.jpg 1024w, https:\/\/infotorrent.es\/wp-content\/uploads\/2026\/08\/Cartel-2-1-300x204.jpg 300w, https:\/\/infotorrent.es\/wp-content\/uploads\/2026\/08\/Cartel-2-1-768x522.jpg 768w, https:\/\/infotorrent.es\/wp-content\/uploads\/2026\/08\/Cartel-2-1.jpg 1169w\" sizes=\"(max-width: 1024px) 100vw, 1024px\" \/><\/figure>\n","protected":false},"excerpt":{"rendered":"<p>La pla\u00e7a Major ser\u00e0 el punt d&#8217;eixida de la carrera de 5 quil\u00f2metres, a les 19.00 hores, i de la marxa no competitiva de 4 quil\u00f2metres, a les 19.05 hores La cita, organitzada per l&#8217;Associaci\u00f3 Espanyola contra el C\u00e0ncer (AECC), s&#8217;emmarca en la 12a edici\u00f3 de RunC\u00e1ncer Val\u00e8ncia i destinar\u00e0 \u00edntegrament la recaptaci\u00f3 dels dorsals [&hellip;]<\/p>\n","protected":false},"author":20,"featured_media":100421,"comment_status":"open","ping_status":"open","sticky":false,"template":"","format":"standard","meta":{"_acf_changed":false,"footnotes":""},"categories":[141,1190,1186],"tags":[],"class_list":["post-100416","post","type-post","status-publish","format-standard","has-post-thumbnail","hentry","category-alcaldia-2","category-ayuntamiento-de-torrent-ca","category-deporte-ca"],"acf":[],"_links":{"self":[{"href":"https:\/\/infotorrent.es\/ca\/wp-json\/wp\/v2\/posts\/100416","targetHints":{"allow":["GET"]}}],"collection":[{"href":"https:\/\/infotorrent.es\/ca\/wp-json\/wp\/v2\/posts"}],"about":[{"href":"https:\/\/infotorrent.es\/ca\/wp-json\/wp\/v2\/types\/post"}],"author":[{"embeddable":true,"href":"https:\/\/infotorrent.es\/ca\/wp-json\/wp\/v2\/users\/20"}],"replies":[{"embeddable":true,"href":"https:\/\/infotorrent.es\/ca\/wp-json\/wp\/v2\/comments?post=100416"}],"version-history":[{"count":1,"href":"https:\/\/infotorrent.es\/ca\/wp-json\/wp\/v2\/posts\/100416\/revisions"}],"predecessor-version":[{"id":100422,"href":"https:\/\/infotorrent.es\/ca\/wp-json\/wp\/v2\/posts\/100416\/revisions\/100422"}],"wp:featuredmedia":[{"embeddable":true,"href":"https:\/\/infotorrent.es\/ca\/wp-json\/wp\/v2\/media\/100421"}],"wp:attachment":[{"href":"https:\/\/infotorrent.es\/ca\/wp-json\/wp\/v2\/media?parent=100416"}],"wp:term":[{"taxonomy":"category","embeddable":true,"href":"https:\/\/infotorrent.es\/ca\/wp-json\/wp\/v2\/categories?post=100416"},{"taxonomy":"post_tag","embeddable":true,"href":"https:\/\/infotorrent.es\/ca\/wp-json\/wp\/v2\/tags?post=100416"}],"curies":[{"name":"wp","href":"https:\/\/api.w.org\/{rel}","templated":true}]}}