{"id":10015,"date":"2018-08-07T07:27:58","date_gmt":"2018-08-07T07:27:58","guid":{"rendered":"https:\/\/infotorrent.es\/uncategorized\/torrent-gaudeix-del-primer-cap-de-setmana-de-lestiu-amb-cinema-a-laire-lliure\/"},"modified":"2018-08-07T07:36:31","modified_gmt":"2018-08-07T07:36:31","slug":"torrent-gaudeix-del-primer-cap-de-setmana-de-lestiu-amb-cinema-a-laire-lliure","status":"publish","type":"post","link":"https:\/\/infotorrent.es\/ca\/noticies\/torrent-gaudeix-del-primer-cap-de-setmana-de-lestiu-amb-cinema-a-laire-lliure\/","title":{"rendered":"Torrent gaudix del primer cap de setmana de l&#8217;estiu amb cinema a l&#8217;aire lliure"},"content":{"rendered":"<p><strong>La proposta cultural arriba per primera vegada a l&#8217;\u00e0rea recreativa de la Marjadella<\/strong><\/p>\n<p style=\"text-align: justify;\">L\u2019\u00e0rea recreativa de la Marjadella gaud\u00ed divendres passat, per primera vegada, d\u2019una sessi\u00f3 de cine a l\u2019aire lliure. Un gran nombre de ve\u00efnes i ve\u00efns de la zona assistiren a la projecci\u00f3 d\u2019<em>Asesinato en el Orient Express<\/em>. Este cap de setmana tamb\u00e9 hi hagu\u00e9 bon cinema en les altres dos ubicacions habituals d&#8217;esta proposta cultural. La nit de divendres, en la pla\u00e7a de la Llibertat es va projectar <em>Plan de fuga<\/em><em>,<\/em> i dissabte a la nit, en la pla\u00e7a de l&#8217;Esgl\u00e9sia, els assistents van viure les intrigues de <em>Cien a\u00f1os de perd\u00f3n<\/em>. La regidora de Cultura, Susi Ferrer, ha destacat<strong> \u201cla varietat i la qualitat de la programaci\u00f3, orientada a un gran ventall de p\u00fablics i al foment del cinema espanyol\u201d<\/strong>.<\/p>\n<p><img fetchpriority=\"high\" decoding=\"async\" class=\"size-full wp-image-17193 aligncenter\" src=\"https:\/\/www.infotorrent.es\/wp-content\/uploads\/2018\/08\/cine-esglesia.jpg\" alt=\"\" width=\"750\" height=\"500\" \/><\/p>\n<p><img decoding=\"async\" class=\"size-full wp-image-17197 aligncenter\" src=\"https:\/\/www.infotorrent.es\/wp-content\/uploads\/2018\/08\/cine-marxadella-4.jpg\" alt=\"\" width=\"750\" height=\"500\" \/><\/p>\n<p><u>Pr\u00f2ximas pel\u00b7l\u00edcules<\/u><\/p>\n<p><strong>Pla\u00e7a de la Llibertat<br \/>\n<\/strong><\/p>\n<p>10-08-2018 \u2013 Tadeo Jones II<\/p>\n<p>17-08-2018 \u2013 La bella y la bestia<\/p>\n<p>24-08-2018 \u2013 Piratas del Caribe \u201cLa venganza de Salazar\u201d<\/p>\n<p>31-08-2018 \u2013 La La Land<\/p>\n<p><strong>Pla\u00e7a de l&#8217;Esgl\u00e9sia<br \/>\n<\/strong><\/p>\n<p>11-08-2018 \u2013 Perfectos desconocidos<\/p>\n<p>18-08-2018 \u2013 C\u2019est la vie<\/p>\n<p>25-08-2018 \u2013 Toc Toc<\/p>\n<p>01-09-2018 \u2013 Que baje Dios y lo vea<\/p>\n<p>08-09-2018 \u2013 The lady in the van<\/p>\n","protected":false},"excerpt":{"rendered":"<p>La proposta cultural arriba per primera vegada a l&#8217;\u00e0rea recreativa de la Marjadella L\u2019\u00e0rea recreativa de la Marjadella gaud\u00ed divendres passat, per primera vegada, d\u2019una sessi\u00f3 de cine a l\u2019aire lliure. Un gran nombre de ve\u00efnes i ve\u00efns de la zona assistiren a la projecci\u00f3 d\u2019Asesinato en el Orient Express. Este cap de setmana tamb\u00e9 [&hellip;]<\/p>\n","protected":false},"author":9,"featured_media":10017,"comment_status":"closed","ping_status":"open","sticky":false,"template":"","format":"standard","meta":{"_acf_changed":false,"footnotes":""},"categories":[126,116],"tags":[],"class_list":["post-10015","post","type-post","status-publish","format-standard","has-post-thumbnail","hentry","category-cultura-es-2","category-noticies"],"acf":[],"_links":{"self":[{"href":"https:\/\/infotorrent.es\/ca\/wp-json\/wp\/v2\/posts\/10015","targetHints":{"allow":["GET"]}}],"collection":[{"href":"https:\/\/infotorrent.es\/ca\/wp-json\/wp\/v2\/posts"}],"about":[{"href":"https:\/\/infotorrent.es\/ca\/wp-json\/wp\/v2\/types\/post"}],"author":[{"embeddable":true,"href":"https:\/\/infotorrent.es\/ca\/wp-json\/wp\/v2\/users\/9"}],"replies":[{"embeddable":true,"href":"https:\/\/infotorrent.es\/ca\/wp-json\/wp\/v2\/comments?post=10015"}],"version-history":[{"count":0,"href":"https:\/\/infotorrent.es\/ca\/wp-json\/wp\/v2\/posts\/10015\/revisions"}],"wp:featuredmedia":[{"embeddable":true,"href":"https:\/\/infotorrent.es\/ca\/wp-json\/wp\/v2\/media\/10017"}],"wp:attachment":[{"href":"https:\/\/infotorrent.es\/ca\/wp-json\/wp\/v2\/media?parent=10015"}],"wp:term":[{"taxonomy":"category","embeddable":true,"href":"https:\/\/infotorrent.es\/ca\/wp-json\/wp\/v2\/categories?post=10015"},{"taxonomy":"post_tag","embeddable":true,"href":"https:\/\/infotorrent.es\/ca\/wp-json\/wp\/v2\/tags?post=10015"}],"curies":[{"name":"wp","href":"https:\/\/api.w.org\/{rel}","templated":true}]}}