{"id":10011,"date":"2018-08-06T07:38:39","date_gmt":"2018-08-06T07:38:39","guid":{"rendered":"https:\/\/infotorrent.es\/uncategorized\/centenars-de-persones-visiten-la-mostra-de-jarr-en-lemat\/"},"modified":"2018-08-06T07:43:58","modified_gmt":"2018-08-06T07:43:58","slug":"centenars-de-persones-visiten-la-mostra-de-jarr-en-lemat","status":"publish","type":"post","link":"https:\/\/infotorrent.es\/ca\/noticies\/centenars-de-persones-visiten-la-mostra-de-jarr-en-lemat\/","title":{"rendered":"Centenars de persones visiten la mostra de Jarr en l&#8217;EMAT"},"content":{"rendered":"<p><strong>L&#8217;exposici\u00f3 \u201cDanse, Underground &amp; Couture\u201d ha rebut visites guiades i ha servit d&#8217;escenari per a altres propostes culturals<\/strong><\/p>\n<p style=\"text-align: justify;\">Centenars de persones han visitat des de mitjan juny l&#8217;exposici\u00f3 \u201cDanse, Undergound &amp; Couture\u201d, de l&#8217;artista valenci\u00e0 Jarr i que es va tancar esta setmana. A m\u00e9s de les visites particulars, la mostra ha rebut visites guiades, que han reflexionat sobre el significat, la profunditat i la traject\u00f2ria de l&#8217;artista, natural d&#8217;Algemes\u00ed. La mostra, concebuda com a contenidor cultural, ha servit tamb\u00e9 d&#8217;escenari per a altres propostes culturals, com la m\u00fasica del quartet de saxofonistes Enllasax. En el marc de la proposta cultural <em>Tic Tac, Torrent Cultura, Torrent al Carrer!,<\/em> la m\u00fasica dels saxos es va combinar amb les l\u00ednies, loc colors i les figures de l&#8217;exposici\u00f3.<\/p>\n<p style=\"text-align: justify;\">En paraules del propi artista, la mostra ha recollit <strong>\u201cexperi\u00e8ncies de la seua pr\u00f2pia vida amb peces que fan preguntes que sovint queden sense contestar perqu\u00e8 l&#8217;espectador tamb\u00e9 li les q\u00fcestione\u201d<\/strong>. L&#8217;Espai Metropolit\u00e0 d\u2019Art de Torrent (EMAT) ha acollit des de mitjan juny la traject\u00f2ria de l&#8217;artista Joan Antoni Rodr\u00edguez Roca \u2018JARR\u2019. L&#8217;exposici\u00f3 s&#8217;ha centrat en una representaci\u00f3 de tota la seua traject\u00f2ria, de la seua evoluci\u00f3, d&#8217;una emerg\u00e8ncia que no deixa a ning\u00fa indiferent i que permet a aquest espai emblem\u00e0tic de la cultura valenciana lluir amb la major esplendor.<\/p>\n","protected":false},"excerpt":{"rendered":"<p>L&#8217;exposici\u00f3 \u201cDanse, Underground &amp; Couture\u201d ha rebut visites guiades i ha servit d&#8217;escenari per a altres propostes culturals Centenars de persones han visitat des de mitjan juny l&#8217;exposici\u00f3 \u201cDanse, Undergound &amp; Couture\u201d, de l&#8217;artista valenci\u00e0 Jarr i que es va tancar esta setmana. A m\u00e9s de les visites particulars, la mostra ha rebut visites guiades, [&hellip;]<\/p>\n","protected":false},"author":9,"featured_media":1137,"comment_status":"closed","ping_status":"open","sticky":false,"template":"","format":"standard","meta":{"_acf_changed":false,"footnotes":""},"categories":[126,116],"tags":[],"class_list":["post-10011","post","type-post","status-publish","format-standard","has-post-thumbnail","hentry","category-cultura-es-2","category-noticies"],"acf":[],"_links":{"self":[{"href":"https:\/\/infotorrent.es\/ca\/wp-json\/wp\/v2\/posts\/10011","targetHints":{"allow":["GET"]}}],"collection":[{"href":"https:\/\/infotorrent.es\/ca\/wp-json\/wp\/v2\/posts"}],"about":[{"href":"https:\/\/infotorrent.es\/ca\/wp-json\/wp\/v2\/types\/post"}],"author":[{"embeddable":true,"href":"https:\/\/infotorrent.es\/ca\/wp-json\/wp\/v2\/users\/9"}],"replies":[{"embeddable":true,"href":"https:\/\/infotorrent.es\/ca\/wp-json\/wp\/v2\/comments?post=10011"}],"version-history":[{"count":0,"href":"https:\/\/infotorrent.es\/ca\/wp-json\/wp\/v2\/posts\/10011\/revisions"}],"wp:featuredmedia":[{"embeddable":true,"href":"https:\/\/infotorrent.es\/ca\/wp-json\/wp\/v2\/media\/1137"}],"wp:attachment":[{"href":"https:\/\/infotorrent.es\/ca\/wp-json\/wp\/v2\/media?parent=10011"}],"wp:term":[{"taxonomy":"category","embeddable":true,"href":"https:\/\/infotorrent.es\/ca\/wp-json\/wp\/v2\/categories?post=10011"},{"taxonomy":"post_tag","embeddable":true,"href":"https:\/\/infotorrent.es\/ca\/wp-json\/wp\/v2\/tags?post=10011"}],"curies":[{"name":"wp","href":"https:\/\/api.w.org\/{rel}","templated":true}]}}